{"id":879,"date":"2022-04-22T11:08:46","date_gmt":"2022-04-22T11:08:46","guid":{"rendered":"https:\/\/avaeh.org\/web_nueva_2021\/?p=879"},"modified":"2022-04-22T11:08:47","modified_gmt":"2022-04-22T11:08:47","slug":"talleres-apoyo-psicologico-feder-avaeh","status":"publish","type":"post","link":"https:\/\/avaeh.org\/web_nueva_2021\/2022\/04\/22\/talleres-apoyo-psicologico-feder-avaeh\/","title":{"rendered":"Talleres apoyo psicol\u00f3gico FEDER &#8211; AVAEH"},"content":{"rendered":"\n<p>Compartimos la informaci\u00f3n de los talleres psicol\u00f3gicos que FEDER ofrece a las personas asociadas a las entidades que forman parte de la federaci\u00f3n, como lo es AVAEH.<\/p>\n\n\n\n<p>En el siguiente documento pueden acceder a toda la informaci\u00f3n para apuntarse antes del 1 de mayo. <\/p>\n\n\n\n<div data-wp-interactive=\"core\/file\" class=\"wp-block-file\"><object data-wp-bind--hidden=\"!state.hasPdfPreview\" hidden class=\"wp-block-file__embed\" data=\"https:\/\/avaeh.org\/web_nueva_2021\/wp-content\/uploads\/2022\/04\/2022_-Programacion-Talleres-Apoyo-Psicologico.pdf\" type=\"application\/pdf\" style=\"width:100%;height:600px\" aria-label=\"Incrustado de Incrustado de 2022_-Programacion-Talleres-Apoyo-Psicologico..\"><\/object><a id=\"wp-block-file--media-a0684a70-a267-4a88-a8e8-b496c66909f4\" href=\"https:\/\/avaeh.org\/web_nueva_2021\/wp-content\/uploads\/2022\/04\/2022_-Programacion-Talleres-Apoyo-Psicologico.pdf\">2022_-Programacion-Talleres-Apoyo-Psicologico<\/a><a href=\"https:\/\/avaeh.org\/web_nueva_2021\/wp-content\/uploads\/2022\/04\/2022_-Programacion-Talleres-Apoyo-Psicologico.pdf\" class=\"wp-block-file__button\" download aria-describedby=\"wp-block-file--media-a0684a70-a267-4a88-a8e8-b496c66909f4\">Descarga<\/a><\/div>\n\n\n\n<p><a href=\"https:\/\/docs.google.com\/forms\/d\/e\/1FAIpQLScYiN6noDdyJUWM7Nsd53QSTrFN_813vVTePBTbgFm_yYAj1Q\/viewform\" target=\"_blank\" rel=\"noreferrer noopener\">FORMULARIO DE INSCRIPCI\u00d3N<\/a><\/p>\n\n\n\n<p><\/p>\n\n\n\n<p><\/p>\n\n\n\n<p><\/p>\n","protected":false},"excerpt":{"rendered":"<p>Compartimos la informaci\u00f3n de los talleres psicol\u00f3gicos que FEDER ofrece a las personas asociadas a las entidades que forman parte de la federaci\u00f3n, como lo es AVAEH. En el siguiente documento pueden acceder a toda la informaci\u00f3n para apuntarse antes del 1 de mayo. FORMULARIO DE INSCRIPCI\u00d3N<\/p>\n","protected":false},"author":1,"featured_media":0,"comment_status":"open","ping_status":"open","sticky":false,"template":"","format":"standard","meta":{"footnotes":""},"categories":[1],"tags":[7,6,4,9,178,179,5,58,8],"class_list":["post-879","post","type-post","status-publish","format-standard","hentry","category-sin-categoria","tag-asociacion-valenciana-de-enfermedad-de-huntington","tag-avaeh","tag-enfermedad-de-huntington","tag-enfermedades-raras","tag-feder","tag-feder-comunidad-valenciana","tag-huntingtons-disease","tag-neurodegenerativa","tag-rare-diseases"],"_links":{"self":[{"href":"https:\/\/avaeh.org\/web_nueva_2021\/wp-json\/wp\/v2\/posts\/879","targetHints":{"allow":["GET"]}}],"collection":[{"href":"https:\/\/avaeh.org\/web_nueva_2021\/wp-json\/wp\/v2\/posts"}],"about":[{"href":"https:\/\/avaeh.org\/web_nueva_2021\/wp-json\/wp\/v2\/types\/post"}],"author":[{"embeddable":true,"href":"https:\/\/avaeh.org\/web_nueva_2021\/wp-json\/wp\/v2\/users\/1"}],"replies":[{"embeddable":true,"href":"https:\/\/avaeh.org\/web_nueva_2021\/wp-json\/wp\/v2\/comments?post=879"}],"version-history":[{"count":1,"href":"https:\/\/avaeh.org\/web_nueva_2021\/wp-json\/wp\/v2\/posts\/879\/revisions"}],"predecessor-version":[{"id":881,"href":"https:\/\/avaeh.org\/web_nueva_2021\/wp-json\/wp\/v2\/posts\/879\/revisions\/881"}],"wp:attachment":[{"href":"https:\/\/avaeh.org\/web_nueva_2021\/wp-json\/wp\/v2\/media?parent=879"}],"wp:term":[{"taxonomy":"category","embeddable":true,"href":"https:\/\/avaeh.org\/web_nueva_2021\/wp-json\/wp\/v2\/categories?post=879"},{"taxonomy":"post_tag","embeddable":true,"href":"https:\/\/avaeh.org\/web_nueva_2021\/wp-json\/wp\/v2\/tags?post=879"}],"curies":[{"name":"wp","href":"https:\/\/api.w.org\/{rel}","templated":true}]}}