{"id":836,"date":"2022-03-30T09:07:26","date_gmt":"2022-03-30T09:07:26","guid":{"rendered":"https:\/\/avaeh.org\/web_nueva_2021\/?p=836"},"modified":"2022-03-30T09:07:26","modified_gmt":"2022-03-30T09:07:26","slug":"accio-de-sensibilitzacio-avaeh-%c2%b7-hospital-general-universitari-dalacant","status":"publish","type":"post","link":"https:\/\/avaeh.org\/web_nueva_2021\/2022\/03\/30\/accio-de-sensibilitzacio-avaeh-%c2%b7-hospital-general-universitari-dalacant\/","title":{"rendered":"Acci\u00f3 de sensibilitzaci\u00f3 AVAEH \u00b7 Hospital General Universitari d&#8217;Alacant"},"content":{"rendered":"\n<figure class=\"wp-block-image size-large\"><img loading=\"lazy\" decoding=\"async\" width=\"768\" height=\"1024\" src=\"https:\/\/avaeh.org\/web_nueva_2021\/wp-content\/uploads\/2022\/03\/WhatsApp-Image-2022-03-25-at-1.58.48-PM-768x1024.jpeg\" alt=\"\" class=\"wp-image-837\" srcset=\"https:\/\/avaeh.org\/web_nueva_2021\/wp-content\/uploads\/2022\/03\/WhatsApp-Image-2022-03-25-at-1.58.48-PM-768x1024.jpeg 768w, https:\/\/avaeh.org\/web_nueva_2021\/wp-content\/uploads\/2022\/03\/WhatsApp-Image-2022-03-25-at-1.58.48-PM-225x300.jpeg 225w, https:\/\/avaeh.org\/web_nueva_2021\/wp-content\/uploads\/2022\/03\/WhatsApp-Image-2022-03-25-at-1.58.48-PM-1152x1536.jpeg 1152w, https:\/\/avaeh.org\/web_nueva_2021\/wp-content\/uploads\/2022\/03\/WhatsApp-Image-2022-03-25-at-1.58.48-PM.jpeg 1200w\" sizes=\"auto, (max-width: 768px) 100vw, 768px\" \/><\/figure>\n\n\n\n<p>Acci\u00f3 de sensibilitzaci\u00f3 al departament de neurologia de l&#8217;Hospital General Universitari d&#8217;Alacant. <br>Repartimos nuestros tr\u00edpticos y gu\u00edas para las personas y familias con Enfermedad de Huntington que acuden a la cl\u00ednica. <\/p>\n\n\n\n<p>\u00a1Gracias al hospital y las personas profesionales por colaborar con AVAEH!<\/p>\n","protected":false},"excerpt":{"rendered":"<p>Acci\u00f3 de sensibilitzaci\u00f3 al departament de neurologia de l&#8217;Hospital General Universitari d&#8217;Alacant. Repartimos nuestros tr\u00edpticos y gu\u00edas para las personas y familias con Enfermedad de Huntington que acuden a la cl\u00ednica. \u00a1Gracias al hospital y las personas profesionales por colaborar con AVAEH!<\/p>\n","protected":false},"author":1,"featured_media":837,"comment_status":"open","ping_status":"open","sticky":false,"template":"","format":"standard","meta":{"footnotes":""},"categories":[1],"tags":[150,151,7,6,4,9,149,152,148,5,58,153,8],"class_list":["post-836","post","type-post","status-publish","format-standard","has-post-thumbnail","hentry","category-sin-categoria","tag-alacant","tag-alicante","tag-asociacion-valenciana-de-enfermedad-de-huntington","tag-avaeh","tag-enfermedad-de-huntington","tag-enfermedades-raras","tag-hospital-alacant","tag-hospital-alicante","tag-hospital-general-universitaria-dalacant","tag-huntingtons-disease","tag-neurodegenerativa","tag-neurologia-alicante","tag-rare-diseases"],"_links":{"self":[{"href":"https:\/\/avaeh.org\/web_nueva_2021\/wp-json\/wp\/v2\/posts\/836","targetHints":{"allow":["GET"]}}],"collection":[{"href":"https:\/\/avaeh.org\/web_nueva_2021\/wp-json\/wp\/v2\/posts"}],"about":[{"href":"https:\/\/avaeh.org\/web_nueva_2021\/wp-json\/wp\/v2\/types\/post"}],"author":[{"embeddable":true,"href":"https:\/\/avaeh.org\/web_nueva_2021\/wp-json\/wp\/v2\/users\/1"}],"replies":[{"embeddable":true,"href":"https:\/\/avaeh.org\/web_nueva_2021\/wp-json\/wp\/v2\/comments?post=836"}],"version-history":[{"count":1,"href":"https:\/\/avaeh.org\/web_nueva_2021\/wp-json\/wp\/v2\/posts\/836\/revisions"}],"predecessor-version":[{"id":838,"href":"https:\/\/avaeh.org\/web_nueva_2021\/wp-json\/wp\/v2\/posts\/836\/revisions\/838"}],"wp:featuredmedia":[{"embeddable":true,"href":"https:\/\/avaeh.org\/web_nueva_2021\/wp-json\/wp\/v2\/media\/837"}],"wp:attachment":[{"href":"https:\/\/avaeh.org\/web_nueva_2021\/wp-json\/wp\/v2\/media?parent=836"}],"wp:term":[{"taxonomy":"category","embeddable":true,"href":"https:\/\/avaeh.org\/web_nueva_2021\/wp-json\/wp\/v2\/categories?post=836"},{"taxonomy":"post_tag","embeddable":true,"href":"https:\/\/avaeh.org\/web_nueva_2021\/wp-json\/wp\/v2\/tags?post=836"}],"curies":[{"name":"wp","href":"https:\/\/api.w.org\/{rel}","templated":true}]}}