{"id":667,"date":"2022-01-19T12:44:10","date_gmt":"2022-01-19T12:44:10","guid":{"rendered":"https:\/\/avaeh.org\/web_nueva_2021\/?p=667"},"modified":"2022-01-19T12:46:51","modified_gmt":"2022-01-19T12:46:51","slug":"prestaciones-economicas-individuales-p-e-i","status":"publish","type":"post","link":"https:\/\/avaeh.org\/web_nueva_2021\/2022\/01\/19\/prestaciones-economicas-individuales-p-e-i\/","title":{"rendered":"Prestaciones Econ\u00f3micas Individuales (P.E.I.)"},"content":{"rendered":"\n<figure class=\"wp-block-image size-large\"><img loading=\"lazy\" decoding=\"async\" width=\"1024\" height=\"724\" src=\"https:\/\/avaeh.org\/web_nueva_2021\/wp-content\/uploads\/2022\/01\/cartell-PEI-AVAEH-1024x724.jpg\" alt=\"\" class=\"wp-image-668\" srcset=\"https:\/\/avaeh.org\/web_nueva_2021\/wp-content\/uploads\/2022\/01\/cartell-PEI-AVAEH-1024x724.jpg 1024w, https:\/\/avaeh.org\/web_nueva_2021\/wp-content\/uploads\/2022\/01\/cartell-PEI-AVAEH-300x212.jpg 300w, https:\/\/avaeh.org\/web_nueva_2021\/wp-content\/uploads\/2022\/01\/cartell-PEI-AVAEH-768x543.jpg 768w, https:\/\/avaeh.org\/web_nueva_2021\/wp-content\/uploads\/2022\/01\/cartell-PEI-AVAEH-1536x1086.jpg 1536w, https:\/\/avaeh.org\/web_nueva_2021\/wp-content\/uploads\/2022\/01\/cartell-PEI-AVAEH-2048x1448.jpg 2048w\" sizes=\"auto, (max-width: 1024px) 100vw, 1024px\" \/><\/figure>\n\n\n\n<p><strong>Prestaciones Econ\u00f3micas Individuales (P.E.I.) para las personas con diversidad funcional para el ejercicio 2022. Solicitud de ayudas para la atenci\u00f3n especializada en centros residenciales<\/strong>.<\/p>\n\n\n\n<p>\u00abLas ayudas personales para la atenci\u00f3n especializada residencial a personas con diversidad funcional se conceden con car\u00e1cter de subvenci\u00f3n personal y finalista, para atender las necesidades de atenci\u00f3n integral de la personas con discapacidad o con enfermedad mental cr\u00f3nica que carecen de suficientes recursos econ\u00f3micos y requieren atenci\u00f3n asistencial y cuidados especiales, que no se pueden prestar en el medio familiar. La atenci\u00f3n residencial podr\u00e1 desarrollarse en residencias y viviendas tuteladas.\u00bb<\/p>\n\n\n\n<p>Una prestaci\u00f3n que puede servir a las personas con Enfermedad de Huntington y que se encuentren en situaci\u00f3n de necesidad de cuidados profesionales en centros residenciales o viviendas tuteladas.<\/p>\n\n\n\n<p>Pidan informaci\u00f3n al Servicio de atenci\u00f3n social de los centros residenciales o viviendas tuteladas, o a los Servicios Sociales de la localidad donde residen.<\/p>\n\n\n\n<p>Link a la web de Generalitat Valenciana con Informaci\u00f3n y tr\u00e1mite online:<\/p>\n\n\n\n<p><a href=\"https:\/\/www.gva.es\/es\/inicio\/procedimientos?id_proc=1778\">https:\/\/www.gva.es\/es\/inicio\/procedimientos?id_proc=1778<\/a><\/p>\n\n\n\n<p>Para aclarar dudas pueden escribir a:<\/p>\n\n\n\n<p>avaeh@avaeh.org<\/p>\n","protected":false},"excerpt":{"rendered":"<p>Prestaciones Econ\u00f3micas Individuales (P.E.I.) para las personas con diversidad funcional para el ejercicio 2022. Solicitud de ayudas para la atenci\u00f3n especializada en centros residenciales. \u00abLas ayudas personales para la atenci\u00f3n especializada residencial a personas con diversidad funcional se conceden con car\u00e1cter de subvenci\u00f3n personal y finalista, para atender las necesidades [&hellip;]<\/p>\n","protected":false},"author":1,"featured_media":668,"comment_status":"open","ping_status":"open","sticky":false,"template":"","format":"standard","meta":{"footnotes":""},"categories":[1],"tags":[7,6,82,4,9,81,5,58,80,79,8],"class_list":["post-667","post","type-post","status-publish","format-standard","has-post-thumbnail","hentry","category-sin-categoria","tag-asociacion-valenciana-de-enfermedad-de-huntington","tag-avaeh","tag-ayudas-dependencia","tag-enfermedad-de-huntington","tag-enfermedades-raras","tag-gva","tag-huntingtons-disease","tag-neurodegenerativa","tag-pei-gva","tag-prestaciones-economicas","tag-rare-diseases"],"_links":{"self":[{"href":"https:\/\/avaeh.org\/web_nueva_2021\/wp-json\/wp\/v2\/posts\/667","targetHints":{"allow":["GET"]}}],"collection":[{"href":"https:\/\/avaeh.org\/web_nueva_2021\/wp-json\/wp\/v2\/posts"}],"about":[{"href":"https:\/\/avaeh.org\/web_nueva_2021\/wp-json\/wp\/v2\/types\/post"}],"author":[{"embeddable":true,"href":"https:\/\/avaeh.org\/web_nueva_2021\/wp-json\/wp\/v2\/users\/1"}],"replies":[{"embeddable":true,"href":"https:\/\/avaeh.org\/web_nueva_2021\/wp-json\/wp\/v2\/comments?post=667"}],"version-history":[{"count":2,"href":"https:\/\/avaeh.org\/web_nueva_2021\/wp-json\/wp\/v2\/posts\/667\/revisions"}],"predecessor-version":[{"id":670,"href":"https:\/\/avaeh.org\/web_nueva_2021\/wp-json\/wp\/v2\/posts\/667\/revisions\/670"}],"wp:featuredmedia":[{"embeddable":true,"href":"https:\/\/avaeh.org\/web_nueva_2021\/wp-json\/wp\/v2\/media\/668"}],"wp:attachment":[{"href":"https:\/\/avaeh.org\/web_nueva_2021\/wp-json\/wp\/v2\/media?parent=667"}],"wp:term":[{"taxonomy":"category","embeddable":true,"href":"https:\/\/avaeh.org\/web_nueva_2021\/wp-json\/wp\/v2\/categories?post=667"},{"taxonomy":"post_tag","embeddable":true,"href":"https:\/\/avaeh.org\/web_nueva_2021\/wp-json\/wp\/v2\/tags?post=667"}],"curies":[{"name":"wp","href":"https:\/\/api.w.org\/{rel}","templated":true}]}}