{"id":635,"date":"2021-12-27T10:01:00","date_gmt":"2021-12-27T10:01:00","guid":{"rendered":"https:\/\/avaeh.org\/web_nueva_2021\/?p=635"},"modified":"2021-12-29T10:04:16","modified_gmt":"2021-12-29T10:04:16","slug":"nueva-via-de-investigacion-de-la-eh","status":"publish","type":"post","link":"https:\/\/avaeh.org\/web_nueva_2021\/2021\/12\/27\/nueva-via-de-investigacion-de-la-eh\/","title":{"rendered":"Nueva v\u00eda de investigaci\u00f3n de la EH"},"content":{"rendered":"\n<p>En Radio 5 abordan la noticia de una nueva v\u00eda de investigaci\u00f3n para la Enfermedad de Huntington. <\/p>\n\n\n\n<p>\u00ab<strong>Vitamina B1 y enfermedad de Huntington<\/strong><\/p>\n\n\n\n<p>La enfermedad de Huntington, conocida como Corea de Huntington -el antiguo baile de San Vito-, es un trastorno neurol\u00f3gico que solo en Espa\u00f1a se calcula que afecta a unas 4000 personas y sobre el que Jos\u00e9 Javier Lucas viene investigado durante los \u00faltimos 25 a\u00f1os&#8230;\u00bb<\/p>\n\n\n\n<p>Compartimos el link del audio en la web oficial de RTVE:<\/p>\n\n\n\n<p><a href=\"https:\/\/www.rtve.es\/play\/audios\/el-laboratorio-de-jal\/laboratorio-jal-vitamina-b1-enfermedad-huntington\/6263391\/\">https:\/\/www.rtve.es\/play\/audios\/el-laboratorio-de-jal\/laboratorio-jal-vitamina-b1-enfermedad-huntington\/6263391\/<\/a><\/p>\n","protected":false},"excerpt":{"rendered":"<p>En Radio 5 abordan la noticia de una nueva v\u00eda de investigaci\u00f3n para la Enfermedad de Huntington. \u00abVitamina B1 y enfermedad de Huntington La enfermedad de Huntington, conocida como Corea de Huntington -el antiguo baile de San Vito-, es un trastorno neurol\u00f3gico que solo en Espa\u00f1a se calcula que afecta [&hellip;]<\/p>\n","protected":false},"author":1,"featured_media":0,"comment_status":"open","ping_status":"open","sticky":false,"template":"","format":"standard","meta":{"footnotes":""},"categories":[1],"tags":[7,6,65,63,61,4,9,5,62,60,8,59,64],"class_list":["post-635","post","type-post","status-publish","format-standard","hentry","category-sin-categoria","tag-asociacion-valenciana-de-enfermedad-de-huntington","tag-avaeh","tag-biotina","tag-ciencia","tag-el-laboratorio-de-jal","tag-enfermedad-de-huntington","tag-enfermedades-raras","tag-huntingtons-disease","tag-investigacion","tag-radio-5","tag-rare-diseases","tag-rtve","tag-vitamina-b1"],"_links":{"self":[{"href":"https:\/\/avaeh.org\/web_nueva_2021\/wp-json\/wp\/v2\/posts\/635","targetHints":{"allow":["GET"]}}],"collection":[{"href":"https:\/\/avaeh.org\/web_nueva_2021\/wp-json\/wp\/v2\/posts"}],"about":[{"href":"https:\/\/avaeh.org\/web_nueva_2021\/wp-json\/wp\/v2\/types\/post"}],"author":[{"embeddable":true,"href":"https:\/\/avaeh.org\/web_nueva_2021\/wp-json\/wp\/v2\/users\/1"}],"replies":[{"embeddable":true,"href":"https:\/\/avaeh.org\/web_nueva_2021\/wp-json\/wp\/v2\/comments?post=635"}],"version-history":[{"count":1,"href":"https:\/\/avaeh.org\/web_nueva_2021\/wp-json\/wp\/v2\/posts\/635\/revisions"}],"predecessor-version":[{"id":636,"href":"https:\/\/avaeh.org\/web_nueva_2021\/wp-json\/wp\/v2\/posts\/635\/revisions\/636"}],"wp:attachment":[{"href":"https:\/\/avaeh.org\/web_nueva_2021\/wp-json\/wp\/v2\/media?parent=635"}],"wp:term":[{"taxonomy":"category","embeddable":true,"href":"https:\/\/avaeh.org\/web_nueva_2021\/wp-json\/wp\/v2\/categories?post=635"},{"taxonomy":"post_tag","embeddable":true,"href":"https:\/\/avaeh.org\/web_nueva_2021\/wp-json\/wp\/v2\/tags?post=635"}],"curies":[{"name":"wp","href":"https:\/\/api.w.org\/{rel}","templated":true}]}}