{"id":464,"date":"2021-11-20T15:24:57","date_gmt":"2021-11-20T15:24:57","guid":{"rendered":"http:\/\/avaeh.org\/web_nueva_2021\/?p=464"},"modified":"2021-11-24T17:58:22","modified_gmt":"2021-11-24T17:58:22","slug":"dia-mundial-de-la-infancia-%c2%b7-20nov","status":"publish","type":"post","link":"https:\/\/avaeh.org\/web_nueva_2021\/2021\/11\/20\/dia-mundial-de-la-infancia-%c2%b7-20nov\/","title":{"rendered":"D\u00eda Mundial de la Infancia \u00b7 20nov"},"content":{"rendered":"\n<figure class=\"wp-block-image size-large\"><img loading=\"lazy\" decoding=\"async\" width=\"1024\" height=\"768\" src=\"http:\/\/avaeh.org\/web_nueva_2021\/wp-content\/uploads\/2021\/11\/infancia-2021-AVAEH-DESESTIGMA-1024x768.jpg\" alt=\"\" class=\"wp-image-466\" srcset=\"https:\/\/avaeh.org\/web_nueva_2021\/wp-content\/uploads\/2021\/11\/infancia-2021-AVAEH-DESESTIGMA-1024x768.jpg 1024w, https:\/\/avaeh.org\/web_nueva_2021\/wp-content\/uploads\/2021\/11\/infancia-2021-AVAEH-DESESTIGMA-300x225.jpg 300w, https:\/\/avaeh.org\/web_nueva_2021\/wp-content\/uploads\/2021\/11\/infancia-2021-AVAEH-DESESTIGMA-768x576.jpg 768w, https:\/\/avaeh.org\/web_nueva_2021\/wp-content\/uploads\/2021\/11\/infancia-2021-AVAEH-DESESTIGMA-1536x1152.jpg 1536w, https:\/\/avaeh.org\/web_nueva_2021\/wp-content\/uploads\/2021\/11\/infancia-2021-AVAEH-DESESTIGMA.jpg 1600w\" sizes=\"auto, (max-width: 1024px) 100vw, 1024px\" \/><\/figure>\n\n\n\n<p>Por una infancia feliz y con igualdad de derechos para todas las ni\u00f1as y ni\u00f1os. <\/p>\n\n\n\n<p>AVAEH y Associaci\u00f3 Intercultural Desestigma nos unimos por una misma causa. Trabajamos para eliminar las barreras sociales y estigmas que impiden que todas las ni\u00f1as y ni\u00f1os miren hacia el futuro en igualdad de condiciones. <\/p>\n","protected":false},"excerpt":{"rendered":"<p>Por una infancia feliz y con igualdad de derechos para todas las ni\u00f1as y ni\u00f1os. AVAEH y Associaci\u00f3 Intercultural Desestigma nos unimos por una misma causa. Trabajamos para eliminar las barreras sociales y estigmas que impiden que todas las ni\u00f1as y ni\u00f1os miren hacia el futuro en igualdad de condiciones.<\/p>\n","protected":false},"author":1,"featured_media":465,"comment_status":"open","ping_status":"open","sticky":false,"template":"","format":"standard","meta":{"footnotes":""},"categories":[1],"tags":[6,24,22,21,23],"class_list":["post-464","post","type-post","status-publish","format-standard","has-post-thumbnail","hentry","category-sin-categoria","tag-avaeh","tag-desestigma","tag-dia-mundial-de-la-infancia","tag-infancia","tag-ninos-y-ninas"],"_links":{"self":[{"href":"https:\/\/avaeh.org\/web_nueva_2021\/wp-json\/wp\/v2\/posts\/464","targetHints":{"allow":["GET"]}}],"collection":[{"href":"https:\/\/avaeh.org\/web_nueva_2021\/wp-json\/wp\/v2\/posts"}],"about":[{"href":"https:\/\/avaeh.org\/web_nueva_2021\/wp-json\/wp\/v2\/types\/post"}],"author":[{"embeddable":true,"href":"https:\/\/avaeh.org\/web_nueva_2021\/wp-json\/wp\/v2\/users\/1"}],"replies":[{"embeddable":true,"href":"https:\/\/avaeh.org\/web_nueva_2021\/wp-json\/wp\/v2\/comments?post=464"}],"version-history":[{"count":1,"href":"https:\/\/avaeh.org\/web_nueva_2021\/wp-json\/wp\/v2\/posts\/464\/revisions"}],"predecessor-version":[{"id":467,"href":"https:\/\/avaeh.org\/web_nueva_2021\/wp-json\/wp\/v2\/posts\/464\/revisions\/467"}],"wp:featuredmedia":[{"embeddable":true,"href":"https:\/\/avaeh.org\/web_nueva_2021\/wp-json\/wp\/v2\/media\/465"}],"wp:attachment":[{"href":"https:\/\/avaeh.org\/web_nueva_2021\/wp-json\/wp\/v2\/media?parent=464"}],"wp:term":[{"taxonomy":"category","embeddable":true,"href":"https:\/\/avaeh.org\/web_nueva_2021\/wp-json\/wp\/v2\/categories?post=464"},{"taxonomy":"post_tag","embeddable":true,"href":"https:\/\/avaeh.org\/web_nueva_2021\/wp-json\/wp\/v2\/tags?post=464"}],"curies":[{"name":"wp","href":"https:\/\/api.w.org\/{rel}","templated":true}]}}