{"id":3149,"date":"2024-09-05T13:48:15","date_gmt":"2024-09-05T13:48:15","guid":{"rendered":"https:\/\/avaeh.org\/web_nueva_2021\/?p=3149"},"modified":"2024-10-01T13:53:38","modified_gmt":"2024-10-01T13:53:38","slug":"subvencio-gam-conselleria-sanitat-a-traves-de-feder","status":"publish","type":"post","link":"https:\/\/avaeh.org\/web_nueva_2021\/2024\/09\/05\/subvencio-gam-conselleria-sanitat-a-traves-de-feder\/","title":{"rendered":"Subvenci\u00f3 GAM Conselleria Sanitat a trav\u00e9s de FEDER"},"content":{"rendered":"\n<p>AVAEH aconseguim una subvenci\u00f3 de 7.260,27\u20ac per a continuar amb el nostre projecte <a href=\"https:\/\/avaeh.org\/web_nueva_2021\/acciones-de-ayuda-mutua-y-autoayuda-al-colectivo-de-enfermedad-de-huntington\/\" target=\"_blank\" rel=\"noreferrer noopener\">Accions d&#8217;Ajuda M\u00fatua i Autoajuda al Col\u00b7lectiu de Malaltia de Huntington<\/a>. <\/p>\n\n\n\n<p>Ajuda de la Conselleria de Sanitat a trav\u00e9s de la Federaci\u00f3n Espa\u00f1ola de Enfermedades Raras, FEDER.<\/p>\n\n\n\n<figure class=\"wp-block-image size-large\"><img loading=\"lazy\" decoding=\"async\" width=\"1024\" height=\"724\" src=\"https:\/\/avaeh.org\/web_nueva_2021\/wp-content\/uploads\/2024\/10\/Cartell-oficial-programa-GAM-AVAEH2-1024x724.jpg\" alt=\"\" class=\"wp-image-3150\" srcset=\"https:\/\/avaeh.org\/web_nueva_2021\/wp-content\/uploads\/2024\/10\/Cartell-oficial-programa-GAM-AVAEH2-1024x724.jpg 1024w, https:\/\/avaeh.org\/web_nueva_2021\/wp-content\/uploads\/2024\/10\/Cartell-oficial-programa-GAM-AVAEH2-300x212.jpg 300w, https:\/\/avaeh.org\/web_nueva_2021\/wp-content\/uploads\/2024\/10\/Cartell-oficial-programa-GAM-AVAEH2-768x543.jpg 768w, https:\/\/avaeh.org\/web_nueva_2021\/wp-content\/uploads\/2024\/10\/Cartell-oficial-programa-GAM-AVAEH2-1536x1086.jpg 1536w, https:\/\/avaeh.org\/web_nueva_2021\/wp-content\/uploads\/2024\/10\/Cartell-oficial-programa-GAM-AVAEH2-2048x1448.jpg 2048w\" sizes=\"auto, (max-width: 1024px) 100vw, 1024px\" \/><\/figure>\n","protected":false},"excerpt":{"rendered":"<p>AVAEH aconseguim una subvenci\u00f3 de 7.260,27\u20ac per a continuar amb el nostre projecte Accions d&#8217;Ajuda M\u00fatua i Autoajuda al Col\u00b7lectiu de Malaltia de Huntington. Ajuda de la Conselleria de Sanitat a trav\u00e9s de la Federaci\u00f3n Espa\u00f1ola de Enfermedades Raras, FEDER.<\/p>\n","protected":false},"author":1,"featured_media":3150,"comment_status":"open","ping_status":"open","sticky":false,"template":"","format":"standard","meta":{"footnotes":""},"categories":[1],"tags":[7,6,823,4,9,178,81,372,5,58],"class_list":["post-3149","post","type-post","status-publish","format-standard","has-post-thumbnail","hentry","category-sin-categoria","tag-asociacion-valenciana-de-enfermedad-de-huntington","tag-avaeh","tag-conselleria-de-sanitat","tag-enfermedad-de-huntington","tag-enfermedades-raras","tag-feder","tag-gva","tag-gva-sanitat","tag-huntingtons-disease","tag-neurodegenerativa"],"_links":{"self":[{"href":"https:\/\/avaeh.org\/web_nueva_2021\/wp-json\/wp\/v2\/posts\/3149","targetHints":{"allow":["GET"]}}],"collection":[{"href":"https:\/\/avaeh.org\/web_nueva_2021\/wp-json\/wp\/v2\/posts"}],"about":[{"href":"https:\/\/avaeh.org\/web_nueva_2021\/wp-json\/wp\/v2\/types\/post"}],"author":[{"embeddable":true,"href":"https:\/\/avaeh.org\/web_nueva_2021\/wp-json\/wp\/v2\/users\/1"}],"replies":[{"embeddable":true,"href":"https:\/\/avaeh.org\/web_nueva_2021\/wp-json\/wp\/v2\/comments?post=3149"}],"version-history":[{"count":1,"href":"https:\/\/avaeh.org\/web_nueva_2021\/wp-json\/wp\/v2\/posts\/3149\/revisions"}],"predecessor-version":[{"id":3151,"href":"https:\/\/avaeh.org\/web_nueva_2021\/wp-json\/wp\/v2\/posts\/3149\/revisions\/3151"}],"wp:featuredmedia":[{"embeddable":true,"href":"https:\/\/avaeh.org\/web_nueva_2021\/wp-json\/wp\/v2\/media\/3150"}],"wp:attachment":[{"href":"https:\/\/avaeh.org\/web_nueva_2021\/wp-json\/wp\/v2\/media?parent=3149"}],"wp:term":[{"taxonomy":"category","embeddable":true,"href":"https:\/\/avaeh.org\/web_nueva_2021\/wp-json\/wp\/v2\/categories?post=3149"},{"taxonomy":"post_tag","embeddable":true,"href":"https:\/\/avaeh.org\/web_nueva_2021\/wp-json\/wp\/v2\/tags?post=3149"}],"curies":[{"name":"wp","href":"https:\/\/api.w.org\/{rel}","templated":true}]}}