{"id":3093,"date":"2024-07-26T06:49:20","date_gmt":"2024-07-26T06:49:20","guid":{"rendered":"https:\/\/avaeh.org\/web_nueva_2021\/?p=3093"},"modified":"2024-07-26T06:49:21","modified_gmt":"2024-07-26T06:49:21","slug":"reunio-plataforma-neurodegeneratives-cv-i-conselleria-de-sanitat","status":"publish","type":"post","link":"https:\/\/avaeh.org\/web_nueva_2021\/2024\/07\/26\/reunio-plataforma-neurodegeneratives-cv-i-conselleria-de-sanitat\/","title":{"rendered":"Reuni\u00f3 Plataforma Neurodegeneratives CV i Conselleria de Sanitat"},"content":{"rendered":"\n<p>La Plataforma Neurodegeneratives CV ens reunim en la Conselleria de Sanitat amb Manuel Escolano, Director de l&#8217;Oficina Auton\u00f2mica de Coordinaci\u00f3 i Integraci\u00f3 Sociosanit\u00e0ria, i Jaume Morera, director de l&#8217;Hospital La Pedrera.<\/p>\n\n\n\n<p>El testimoni de les entitats ciutadanes en primera persona \u00e9s imprescindible per a aconseguir pol\u00edtiques efectives i reals.<\/p>\n\n\n\n<p>Fevafa Alzheimer<\/p>\n\n\n\n<p><a><\/a>Adela CV Ela<\/p>\n\n\n\n<p>Axem13 Esclerosis M\u00faltiple<\/p>\n\n\n\n<p>Parkinson Valencia<\/p>\n\n\n\n<p>Avaeh Huntington<\/p>\n\n\n\n<figure class=\"wp-block-image size-large\"><img loading=\"lazy\" decoding=\"async\" width=\"1024\" height=\"447\" src=\"https:\/\/avaeh.org\/web_nueva_2021\/wp-content\/uploads\/2024\/07\/image-1024x447.png\" alt=\"\" class=\"wp-image-3094\" srcset=\"https:\/\/avaeh.org\/web_nueva_2021\/wp-content\/uploads\/2024\/07\/image-1024x447.png 1024w, https:\/\/avaeh.org\/web_nueva_2021\/wp-content\/uploads\/2024\/07\/image-300x131.png 300w, https:\/\/avaeh.org\/web_nueva_2021\/wp-content\/uploads\/2024\/07\/image-768x335.png 768w, https:\/\/avaeh.org\/web_nueva_2021\/wp-content\/uploads\/2024\/07\/image-1536x671.png 1536w, https:\/\/avaeh.org\/web_nueva_2021\/wp-content\/uploads\/2024\/07\/image.png 2048w\" sizes=\"auto, (max-width: 1024px) 100vw, 1024px\" \/><\/figure>\n","protected":false},"excerpt":{"rendered":"<p>La Plataforma Neurodegeneratives CV ens reunim en la Conselleria de Sanitat amb Manuel Escolano, Director de l&#8217;Oficina Auton\u00f2mica de Coordinaci\u00f3 i Integraci\u00f3 Sociosanit\u00e0ria, i Jaume Morera, director de l&#8217;Hospital La Pedrera. El testimoni de les entitats ciutadanes en primera persona \u00e9s imprescindible per a aconseguir pol\u00edtiques efectives i reals. Fevafa [&hellip;]<\/p>\n","protected":false},"author":1,"featured_media":3094,"comment_status":"open","ping_status":"open","sticky":false,"template":"","format":"standard","meta":{"footnotes":""},"categories":[1],"tags":[7,6,4,9,372,5,58,8],"class_list":["post-3093","post","type-post","status-publish","format-standard","has-post-thumbnail","hentry","category-sin-categoria","tag-asociacion-valenciana-de-enfermedad-de-huntington","tag-avaeh","tag-enfermedad-de-huntington","tag-enfermedades-raras","tag-gva-sanitat","tag-huntingtons-disease","tag-neurodegenerativa","tag-rare-diseases"],"_links":{"self":[{"href":"https:\/\/avaeh.org\/web_nueva_2021\/wp-json\/wp\/v2\/posts\/3093","targetHints":{"allow":["GET"]}}],"collection":[{"href":"https:\/\/avaeh.org\/web_nueva_2021\/wp-json\/wp\/v2\/posts"}],"about":[{"href":"https:\/\/avaeh.org\/web_nueva_2021\/wp-json\/wp\/v2\/types\/post"}],"author":[{"embeddable":true,"href":"https:\/\/avaeh.org\/web_nueva_2021\/wp-json\/wp\/v2\/users\/1"}],"replies":[{"embeddable":true,"href":"https:\/\/avaeh.org\/web_nueva_2021\/wp-json\/wp\/v2\/comments?post=3093"}],"version-history":[{"count":1,"href":"https:\/\/avaeh.org\/web_nueva_2021\/wp-json\/wp\/v2\/posts\/3093\/revisions"}],"predecessor-version":[{"id":3095,"href":"https:\/\/avaeh.org\/web_nueva_2021\/wp-json\/wp\/v2\/posts\/3093\/revisions\/3095"}],"wp:featuredmedia":[{"embeddable":true,"href":"https:\/\/avaeh.org\/web_nueva_2021\/wp-json\/wp\/v2\/media\/3094"}],"wp:attachment":[{"href":"https:\/\/avaeh.org\/web_nueva_2021\/wp-json\/wp\/v2\/media?parent=3093"}],"wp:term":[{"taxonomy":"category","embeddable":true,"href":"https:\/\/avaeh.org\/web_nueva_2021\/wp-json\/wp\/v2\/categories?post=3093"},{"taxonomy":"post_tag","embeddable":true,"href":"https:\/\/avaeh.org\/web_nueva_2021\/wp-json\/wp\/v2\/tags?post=3093"}],"curies":[{"name":"wp","href":"https:\/\/api.w.org\/{rel}","templated":true}]}}