{"id":3059,"date":"2024-06-25T18:47:44","date_gmt":"2024-06-25T18:47:44","guid":{"rendered":"https:\/\/avaeh.org\/web_nueva_2021\/?p=3059"},"modified":"2024-06-25T18:47:45","modified_gmt":"2024-06-25T18:47:45","slug":"reunio-plataforma-neurodegeneratives-cv-%c2%b7-juny-2024","status":"publish","type":"post","link":"https:\/\/avaeh.org\/web_nueva_2021\/2024\/06\/25\/reunio-plataforma-neurodegeneratives-cv-%c2%b7-juny-2024\/","title":{"rendered":"Reuni\u00f3 Plataforma Neurodegeneratives CV \u00b7 juny 2024"},"content":{"rendered":"\n<p>La Plataforma Neurodegeneratives CV ens reunim per a treballar conjuntament pel benestar de les persones, fam\u00edlies i entorn afectades per malalties neurodegeneratives. Amb representaci\u00f3 d&#8217;Alzheimer, Ela, Esclerosis M\u00faltiple, Parkinson i Huntington.<\/p>\n\n\n\n<figure class=\"wp-block-image size-large\"><img loading=\"lazy\" decoding=\"async\" width=\"1024\" height=\"454\" src=\"https:\/\/avaeh.org\/web_nueva_2021\/wp-content\/uploads\/2024\/06\/Reunio-Plataforma-NDG-CV-25.06.24-1024x454.jpg\" alt=\"\" class=\"wp-image-3060\" srcset=\"https:\/\/avaeh.org\/web_nueva_2021\/wp-content\/uploads\/2024\/06\/Reunio-Plataforma-NDG-CV-25.06.24-1024x454.jpg 1024w, https:\/\/avaeh.org\/web_nueva_2021\/wp-content\/uploads\/2024\/06\/Reunio-Plataforma-NDG-CV-25.06.24-300x133.jpg 300w, https:\/\/avaeh.org\/web_nueva_2021\/wp-content\/uploads\/2024\/06\/Reunio-Plataforma-NDG-CV-25.06.24-768x341.jpg 768w, https:\/\/avaeh.org\/web_nueva_2021\/wp-content\/uploads\/2024\/06\/Reunio-Plataforma-NDG-CV-25.06.24.jpg 1366w\" sizes=\"auto, (max-width: 1024px) 100vw, 1024px\" \/><\/figure>\n","protected":false},"excerpt":{"rendered":"<p>La Plataforma Neurodegeneratives CV ens reunim per a treballar conjuntament pel benestar de les persones, fam\u00edlies i entorn afectades per malalties neurodegeneratives. Amb representaci\u00f3 d&#8217;Alzheimer, Ela, Esclerosis M\u00faltiple, Parkinson i Huntington.<\/p>\n","protected":false},"author":1,"featured_media":3060,"comment_status":"open","ping_status":"open","sticky":false,"template":"","format":"standard","meta":{"footnotes":""},"categories":[1],"tags":[7,6,4,9,5,58,578,8],"class_list":["post-3059","post","type-post","status-publish","format-standard","has-post-thumbnail","hentry","category-sin-categoria","tag-asociacion-valenciana-de-enfermedad-de-huntington","tag-avaeh","tag-enfermedad-de-huntington","tag-enfermedades-raras","tag-huntingtons-disease","tag-neurodegenerativa","tag-plataforma-de-enfermedades-neurodegenerativas-cv","tag-rare-diseases"],"_links":{"self":[{"href":"https:\/\/avaeh.org\/web_nueva_2021\/wp-json\/wp\/v2\/posts\/3059","targetHints":{"allow":["GET"]}}],"collection":[{"href":"https:\/\/avaeh.org\/web_nueva_2021\/wp-json\/wp\/v2\/posts"}],"about":[{"href":"https:\/\/avaeh.org\/web_nueva_2021\/wp-json\/wp\/v2\/types\/post"}],"author":[{"embeddable":true,"href":"https:\/\/avaeh.org\/web_nueva_2021\/wp-json\/wp\/v2\/users\/1"}],"replies":[{"embeddable":true,"href":"https:\/\/avaeh.org\/web_nueva_2021\/wp-json\/wp\/v2\/comments?post=3059"}],"version-history":[{"count":1,"href":"https:\/\/avaeh.org\/web_nueva_2021\/wp-json\/wp\/v2\/posts\/3059\/revisions"}],"predecessor-version":[{"id":3061,"href":"https:\/\/avaeh.org\/web_nueva_2021\/wp-json\/wp\/v2\/posts\/3059\/revisions\/3061"}],"wp:featuredmedia":[{"embeddable":true,"href":"https:\/\/avaeh.org\/web_nueva_2021\/wp-json\/wp\/v2\/media\/3060"}],"wp:attachment":[{"href":"https:\/\/avaeh.org\/web_nueva_2021\/wp-json\/wp\/v2\/media?parent=3059"}],"wp:term":[{"taxonomy":"category","embeddable":true,"href":"https:\/\/avaeh.org\/web_nueva_2021\/wp-json\/wp\/v2\/categories?post=3059"},{"taxonomy":"post_tag","embeddable":true,"href":"https:\/\/avaeh.org\/web_nueva_2021\/wp-json\/wp\/v2\/tags?post=3059"}],"curies":[{"name":"wp","href":"https:\/\/api.w.org\/{rel}","templated":true}]}}