{"id":2999,"date":"2024-05-09T08:11:26","date_gmt":"2024-05-09T08:11:26","guid":{"rendered":"https:\/\/avaeh.org\/web_nueva_2021\/?p=2999"},"modified":"2024-05-30T08:12:51","modified_gmt":"2024-05-30T08:12:51","slug":"jornada-investigacion-huntington-avaeh-2024","status":"publish","type":"post","link":"https:\/\/avaeh.org\/web_nueva_2021\/2024\/05\/09\/jornada-investigacion-huntington-avaeh-2024\/","title":{"rendered":"JORNADA INVESTIGACI\u00d3N HUNTINGTON AVAEH 2024"},"content":{"rendered":"\n<p>Ya tenemos toda la informaci\u00f3n sobre la jornada que vamos a realizar el 26 de mayo en la Biblioteca Maria Moliner de Orihuela.<\/p>\n\n\n\n<p>Empezaremos a las 12h con una presentaci\u00f3n y daremos paso a la intervenci\u00f3n del equipo de investigaci\u00f3n del IIS La Fe y de Isabial.<\/p>\n\n\n\n<p>Nos <a><\/a>van a contar c\u00f3mo van sus investigaciones en Huntington, podremos hacerles preguntas y saber c\u00f3mo van los ensayos en los que hemos participado.<\/p>\n\n\n\n<p>A las 17h iremos todas y todos juntos a la Marcha Solidaria por Huntington con la que queremos que se conozco nuestra enfermedad y sensibilizar a la sociedad.<\/p>\n\n\n\n<p>Para poder asistir hay que registrarse en el siguiente formulario:<\/p>\n\n\n\n<p><a href=\"https:\/\/forms.gle\/WrAeMbLratz8oKzu6\">https:\/\/forms.gle\/WrAeMbLratz8oKzu6<\/a><\/p>\n\n\n\n<p>Si ten\u00e9is cualquier duda pod\u00e9is llamar al 699849086 (Eva) y os ayudaremos.<\/p>\n\n\n\n<p>Abrazos<\/p>\n\n\n\n<figure class=\"wp-block-image size-large\"><img loading=\"lazy\" decoding=\"async\" width=\"819\" height=\"1024\" src=\"https:\/\/avaeh.org\/web_nueva_2021\/wp-content\/uploads\/2024\/05\/Cartel-jornada-AVAEH-2024-Orihuela-819x1024.jpg\" alt=\"\" class=\"wp-image-3000\" srcset=\"https:\/\/avaeh.org\/web_nueva_2021\/wp-content\/uploads\/2024\/05\/Cartel-jornada-AVAEH-2024-Orihuela-819x1024.jpg 819w, https:\/\/avaeh.org\/web_nueva_2021\/wp-content\/uploads\/2024\/05\/Cartel-jornada-AVAEH-2024-Orihuela-240x300.jpg 240w, https:\/\/avaeh.org\/web_nueva_2021\/wp-content\/uploads\/2024\/05\/Cartel-jornada-AVAEH-2024-Orihuela-768x960.jpg 768w, https:\/\/avaeh.org\/web_nueva_2021\/wp-content\/uploads\/2024\/05\/Cartel-jornada-AVAEH-2024-Orihuela.jpg 1080w\" sizes=\"auto, (max-width: 819px) 100vw, 819px\" \/><\/figure>\n","protected":false},"excerpt":{"rendered":"<p>Ya tenemos toda la informaci\u00f3n sobre la jornada que vamos a realizar el 26 de mayo en la Biblioteca Maria Moliner de Orihuela. Empezaremos a las 12h con una presentaci\u00f3n y daremos paso a la intervenci\u00f3n del equipo de investigaci\u00f3n del IIS La Fe y de Isabial. Nos van a [&hellip;]<\/p>\n","protected":false},"author":1,"featured_media":3000,"comment_status":"open","ping_status":"open","sticky":false,"template":"","format":"standard","meta":{"footnotes":""},"categories":[1],"tags":[7,6,768,4,9,99,5,67,506,58,786,8],"class_list":["post-2999","post","type-post","status-publish","format-standard","has-post-thumbnail","hentry","category-sin-categoria","tag-asociacion-valenciana-de-enfermedad-de-huntington","tag-avaeh","tag-diputacion-alicante","tag-enfermedad-de-huntington","tag-enfermedades-raras","tag-fundacion-quaes","tag-huntingtons-disease","tag-iis-la-fe","tag-isabial","tag-neurodegenerativa","tag-orihuela","tag-rare-diseases"],"_links":{"self":[{"href":"https:\/\/avaeh.org\/web_nueva_2021\/wp-json\/wp\/v2\/posts\/2999","targetHints":{"allow":["GET"]}}],"collection":[{"href":"https:\/\/avaeh.org\/web_nueva_2021\/wp-json\/wp\/v2\/posts"}],"about":[{"href":"https:\/\/avaeh.org\/web_nueva_2021\/wp-json\/wp\/v2\/types\/post"}],"author":[{"embeddable":true,"href":"https:\/\/avaeh.org\/web_nueva_2021\/wp-json\/wp\/v2\/users\/1"}],"replies":[{"embeddable":true,"href":"https:\/\/avaeh.org\/web_nueva_2021\/wp-json\/wp\/v2\/comments?post=2999"}],"version-history":[{"count":1,"href":"https:\/\/avaeh.org\/web_nueva_2021\/wp-json\/wp\/v2\/posts\/2999\/revisions"}],"predecessor-version":[{"id":3001,"href":"https:\/\/avaeh.org\/web_nueva_2021\/wp-json\/wp\/v2\/posts\/2999\/revisions\/3001"}],"wp:featuredmedia":[{"embeddable":true,"href":"https:\/\/avaeh.org\/web_nueva_2021\/wp-json\/wp\/v2\/media\/3000"}],"wp:attachment":[{"href":"https:\/\/avaeh.org\/web_nueva_2021\/wp-json\/wp\/v2\/media?parent=2999"}],"wp:term":[{"taxonomy":"category","embeddable":true,"href":"https:\/\/avaeh.org\/web_nueva_2021\/wp-json\/wp\/v2\/categories?post=2999"},{"taxonomy":"post_tag","embeddable":true,"href":"https:\/\/avaeh.org\/web_nueva_2021\/wp-json\/wp\/v2\/tags?post=2999"}],"curies":[{"name":"wp","href":"https:\/\/api.w.org\/{rel}","templated":true}]}}