{"id":2996,"date":"2024-05-30T08:08:54","date_gmt":"2024-05-30T08:08:54","guid":{"rendered":"https:\/\/avaeh.org\/web_nueva_2021\/?p=2996"},"modified":"2024-05-30T08:08:56","modified_gmt":"2024-05-30T08:08:56","slug":"huntington-sale-a-la-calle","status":"publish","type":"post","link":"https:\/\/avaeh.org\/web_nueva_2021\/2024\/05\/30\/huntington-sale-a-la-calle\/","title":{"rendered":"Huntington sale a la calle"},"content":{"rendered":"\n<p>AVAEH estaremos en \u00abLa EH sale a la calle\u00bb. 2\u00aa sesi\u00f3n online en espa\u00f1ol de la serie \u00abUna enfermedad, docenas de historias\u00bb contando nuestra experiencia con el <a href=\"https:\/\/www.facebook.com\/hashtag\/gr330trailporhuntington?__eep__=6&amp;__cft__[0]=AZXdjD073sgGrxbrfDOKoP7ds3Zr4n5BJ1kdIE3OBTLJe4sGZce7EJHTUanue3VSKjo-BB079jcnCyyFMkHWmkPAw5N3VBNXeIkfNrSYNMaGDWyOfSRw3amllIsBncg2r1o2uAzLRcVwpDIyDB7K5vIR1Wd5mmJrkD-ChTj0dPtVbw\">#gr330trailporhuntington<\/a><\/p>\n\n\n\n<p>El equipo de Moving Forward organiza el Jueves 30 de mayo &#8211; a las 19:00 h (CET) la 2\u00aa sesi\u00f3n online para que la comunidad EH hispanohablante conozca de manera informal diferentes historias y experiencias personales relacionadas con la EH.<\/p>\n\n\n\n<p>En esta ocasi\u00f3n, dos familiares y dos amigos de personas <a><\/a>afectadas por la EH compartir\u00e1n con nosotros los eventos solidarios que han promovido en su comunidad para ayudar a recaudar fondos para la investigaci\u00f3n y el apoyo a la EH y aumentar la concienciaci\u00f3n sobre la enfermedad.<\/p>\n\n\n\n<p>Mayo es el mes de la concienciaci\u00f3n sobre la EH, as\u00ed que esta ser\u00e1 una oportunidad \u00fanica para escuchar experiencias inspiradoras en las que la EH fue m\u00e1s all\u00e1 de las familias y lleg\u00f3 a las calles.<\/p>\n\n\n\n<p>\u00danete a nosotros y reg\u00edstrate ahora para asistir a la reuni\u00f3n aqu\u00ed:<\/p>\n\n\n\n<p><a href=\"https:\/\/ehamovingforward.org\/es\/2024\/05\/una-enfermedad-decenas-de-historias\/?fbclid=IwZXh0bgNhZW0CMTAAAR2ykjG_lHfu0Dk5E02SllCIWFGMiP31MKqAQ9q4Xw2eO-H3IfULKWUH9Bk_aem_AbjZEEDIe5JKW15XKpkFgLe2i-zEtJc1Zt6RLPAnisBLBqFVGD5tJfrsDL1e8_RnUnuJtZdZGE4d6CJTPbPfC92N\" target=\"_blank\" rel=\"noreferrer noopener\">LINK INSCRIPCIONES<\/a><\/p>\n\n\n\n<figure class=\"wp-block-image size-large\"><img loading=\"lazy\" decoding=\"async\" width=\"576\" height=\"1024\" src=\"https:\/\/avaeh.org\/web_nueva_2021\/wp-content\/uploads\/2024\/05\/Cartel-Poster-2o-sesion_La-Eh-sale-a-la-calle_30-Mayo-576x1024.png\" alt=\"\" class=\"wp-image-2997\" srcset=\"https:\/\/avaeh.org\/web_nueva_2021\/wp-content\/uploads\/2024\/05\/Cartel-Poster-2o-sesion_La-Eh-sale-a-la-calle_30-Mayo-576x1024.png 576w, https:\/\/avaeh.org\/web_nueva_2021\/wp-content\/uploads\/2024\/05\/Cartel-Poster-2o-sesion_La-Eh-sale-a-la-calle_30-Mayo-169x300.png 169w, https:\/\/avaeh.org\/web_nueva_2021\/wp-content\/uploads\/2024\/05\/Cartel-Poster-2o-sesion_La-Eh-sale-a-la-calle_30-Mayo-768x1365.png 768w, https:\/\/avaeh.org\/web_nueva_2021\/wp-content\/uploads\/2024\/05\/Cartel-Poster-2o-sesion_La-Eh-sale-a-la-calle_30-Mayo-864x1536.png 864w, https:\/\/avaeh.org\/web_nueva_2021\/wp-content\/uploads\/2024\/05\/Cartel-Poster-2o-sesion_La-Eh-sale-a-la-calle_30-Mayo.png 1080w\" sizes=\"auto, (max-width: 576px) 100vw, 576px\" \/><\/figure>\n","protected":false},"excerpt":{"rendered":"<p>AVAEH estaremos en \u00abLa EH sale a la calle\u00bb. 2\u00aa sesi\u00f3n online en espa\u00f1ol de la serie \u00abUna enfermedad, docenas de historias\u00bb contando nuestra experiencia con el #gr330trailporhuntington El equipo de Moving Forward organiza el Jueves 30 de mayo &#8211; a las 19:00 h (CET) la 2\u00aa sesi\u00f3n online para [&hellip;]<\/p>\n","protected":false},"author":1,"featured_media":2997,"comment_status":"open","ping_status":"open","sticky":false,"template":"","format":"standard","meta":{"footnotes":""},"categories":[1],"tags":[7,6,4,9,350,5,70,58,8],"class_list":["post-2996","post","type-post","status-publish","format-standard","has-post-thumbnail","hentry","category-sin-categoria","tag-asociacion-valenciana-de-enfermedad-de-huntington","tag-avaeh","tag-enfermedad-de-huntington","tag-enfermedades-raras","tag-european-huntington-association","tag-huntingtons-disease","tag-moving-forward","tag-neurodegenerativa","tag-rare-diseases"],"_links":{"self":[{"href":"https:\/\/avaeh.org\/web_nueva_2021\/wp-json\/wp\/v2\/posts\/2996","targetHints":{"allow":["GET"]}}],"collection":[{"href":"https:\/\/avaeh.org\/web_nueva_2021\/wp-json\/wp\/v2\/posts"}],"about":[{"href":"https:\/\/avaeh.org\/web_nueva_2021\/wp-json\/wp\/v2\/types\/post"}],"author":[{"embeddable":true,"href":"https:\/\/avaeh.org\/web_nueva_2021\/wp-json\/wp\/v2\/users\/1"}],"replies":[{"embeddable":true,"href":"https:\/\/avaeh.org\/web_nueva_2021\/wp-json\/wp\/v2\/comments?post=2996"}],"version-history":[{"count":1,"href":"https:\/\/avaeh.org\/web_nueva_2021\/wp-json\/wp\/v2\/posts\/2996\/revisions"}],"predecessor-version":[{"id":2998,"href":"https:\/\/avaeh.org\/web_nueva_2021\/wp-json\/wp\/v2\/posts\/2996\/revisions\/2998"}],"wp:featuredmedia":[{"embeddable":true,"href":"https:\/\/avaeh.org\/web_nueva_2021\/wp-json\/wp\/v2\/media\/2997"}],"wp:attachment":[{"href":"https:\/\/avaeh.org\/web_nueva_2021\/wp-json\/wp\/v2\/media?parent=2996"}],"wp:term":[{"taxonomy":"category","embeddable":true,"href":"https:\/\/avaeh.org\/web_nueva_2021\/wp-json\/wp\/v2\/categories?post=2996"},{"taxonomy":"post_tag","embeddable":true,"href":"https:\/\/avaeh.org\/web_nueva_2021\/wp-json\/wp\/v2\/tags?post=2996"}],"curies":[{"name":"wp","href":"https:\/\/api.w.org\/{rel}","templated":true}]}}