{"id":2904,"date":"2024-03-15T21:47:49","date_gmt":"2024-03-15T21:47:49","guid":{"rendered":"https:\/\/avaeh.org\/web_nueva_2021\/?p=2904"},"modified":"2024-03-22T21:48:41","modified_gmt":"2024-03-22T21:48:41","slug":"jornada-de-investigacion-enfermera-en-isabial","status":"publish","type":"post","link":"https:\/\/avaeh.org\/web_nueva_2021\/2024\/03\/15\/jornada-de-investigacion-enfermera-en-isabial\/","title":{"rendered":"Jornada de Investigaci\u00f3n Enfermera en Isabial"},"content":{"rendered":"\n<p>Esta ma\u00f1ana, AVAEH hemos tenido el placer de formar parte del comit\u00e9 de evaluaci\u00f3n de las Jornadas de Investigaci\u00f3n Enfermera.<\/p>\n\n\n\n<p>Ha estado genial! Damos la enhorabuena a Isabial, por la organizaci\u00f3n, y a todas las personas ponentes que han explicado sus proyectos de una forma tan divulgativa.<\/p>\n\n\n\n<figure class=\"wp-block-image size-large\"><img loading=\"lazy\" decoding=\"async\" width=\"1024\" height=\"710\" src=\"https:\/\/avaeh.org\/web_nueva_2021\/wp-content\/uploads\/2024\/03\/image-3-1024x710.png\" alt=\"\" class=\"wp-image-2905\" srcset=\"https:\/\/avaeh.org\/web_nueva_2021\/wp-content\/uploads\/2024\/03\/image-3-1024x710.png 1024w, https:\/\/avaeh.org\/web_nueva_2021\/wp-content\/uploads\/2024\/03\/image-3-300x208.png 300w, https:\/\/avaeh.org\/web_nueva_2021\/wp-content\/uploads\/2024\/03\/image-3-768x532.png 768w, https:\/\/avaeh.org\/web_nueva_2021\/wp-content\/uploads\/2024\/03\/image-3-1536x1065.png 1536w, https:\/\/avaeh.org\/web_nueva_2021\/wp-content\/uploads\/2024\/03\/image-3.png 1600w\" sizes=\"auto, (max-width: 1024px) 100vw, 1024px\" \/><\/figure>\n","protected":false},"excerpt":{"rendered":"<p>Esta ma\u00f1ana, AVAEH hemos tenido el placer de formar parte del comit\u00e9 de evaluaci\u00f3n de las Jornadas de Investigaci\u00f3n Enfermera. Ha estado genial! Damos la enhorabuena a Isabial, por la organizaci\u00f3n, y a todas las personas ponentes que han explicado sus proyectos de una forma tan divulgativa.<\/p>\n","protected":false},"author":1,"featured_media":2905,"comment_status":"open","ping_status":"open","sticky":false,"template":"","format":"standard","meta":{"footnotes":""},"categories":[1],"tags":[7,6,4,9,5,506,58,8],"class_list":["post-2904","post","type-post","status-publish","format-standard","has-post-thumbnail","hentry","category-sin-categoria","tag-asociacion-valenciana-de-enfermedad-de-huntington","tag-avaeh","tag-enfermedad-de-huntington","tag-enfermedades-raras","tag-huntingtons-disease","tag-isabial","tag-neurodegenerativa","tag-rare-diseases"],"_links":{"self":[{"href":"https:\/\/avaeh.org\/web_nueva_2021\/wp-json\/wp\/v2\/posts\/2904","targetHints":{"allow":["GET"]}}],"collection":[{"href":"https:\/\/avaeh.org\/web_nueva_2021\/wp-json\/wp\/v2\/posts"}],"about":[{"href":"https:\/\/avaeh.org\/web_nueva_2021\/wp-json\/wp\/v2\/types\/post"}],"author":[{"embeddable":true,"href":"https:\/\/avaeh.org\/web_nueva_2021\/wp-json\/wp\/v2\/users\/1"}],"replies":[{"embeddable":true,"href":"https:\/\/avaeh.org\/web_nueva_2021\/wp-json\/wp\/v2\/comments?post=2904"}],"version-history":[{"count":1,"href":"https:\/\/avaeh.org\/web_nueva_2021\/wp-json\/wp\/v2\/posts\/2904\/revisions"}],"predecessor-version":[{"id":2906,"href":"https:\/\/avaeh.org\/web_nueva_2021\/wp-json\/wp\/v2\/posts\/2904\/revisions\/2906"}],"wp:featuredmedia":[{"embeddable":true,"href":"https:\/\/avaeh.org\/web_nueva_2021\/wp-json\/wp\/v2\/media\/2905"}],"wp:attachment":[{"href":"https:\/\/avaeh.org\/web_nueva_2021\/wp-json\/wp\/v2\/media?parent=2904"}],"wp:term":[{"taxonomy":"category","embeddable":true,"href":"https:\/\/avaeh.org\/web_nueva_2021\/wp-json\/wp\/v2\/categories?post=2904"},{"taxonomy":"post_tag","embeddable":true,"href":"https:\/\/avaeh.org\/web_nueva_2021\/wp-json\/wp\/v2\/tags?post=2904"}],"curies":[{"name":"wp","href":"https:\/\/api.w.org\/{rel}","templated":true}]}}