{"id":2720,"date":"2024-01-03T16:39:25","date_gmt":"2024-01-03T16:39:25","guid":{"rendered":"https:\/\/avaeh.org\/web_nueva_2021\/?p=2720"},"modified":"2024-01-03T16:39:26","modified_gmt":"2024-01-03T16:39:26","slug":"la-fibra-dietetica-confiere-efectos-terapeuticos-en-un-modelo-preclinico-de-la-enfermedad-de-huntington","status":"publish","type":"post","link":"https:\/\/avaeh.org\/web_nueva_2021\/2024\/01\/03\/la-fibra-dietetica-confiere-efectos-terapeuticos-en-un-modelo-preclinico-de-la-enfermedad-de-huntington\/","title":{"rendered":"La fibra diet\u00e9tica confiere efectos terap\u00e9uticos en un modelo precl\u00ednico de la enfermedad de Huntington"},"content":{"rendered":"\n<p>\u00abNuestra hip\u00f3tesis es que las dietas con niveles modificados de fibra pueden modular la disbiosis del microbioma intestinal, la disfunci\u00f3n gastrointestinal y el deterioro cognitivo de la EH.\u00a0En este estudio, investigamos si las intervenciones con una dieta rica en fibra o sin fibra desde las 6 a las 20 semanas de edad pueden ser terap\u00e9uticas o empeorar el fenotipo de la EH, respectivamente, en comparaci\u00f3n con una dieta estandarizada con niveles intermedios de fibra.\u00a0Evaluamos el impacto de los niveles de fibra diet\u00e9tica en la aparici\u00f3n y progresi\u00f3n de diversos aspectos de la enfermedad en el modelo de EH de rat\u00f3n transg\u00e9nico R6\/1.\u00bb<\/p>\n\n\n\n<p><a href=\"https:\/\/www.sciencedirect.com\/science\/article\/abs\/pii\/S0889159123004051\" target=\"_blank\" rel=\"noreferrer noopener\">LINK AL ART\u00cdCULO COMPLETO<\/a><\/p>\n\n\n\n<figure class=\"wp-block-image size-full\"><img decoding=\"async\" src=\"https:\/\/avaeh.org\/web_nueva_2021\/wp-content\/uploads\/2024\/01\/actualizacion-cientifica-eh.jpg\" alt=\"\" class=\"wp-image-2721\"\/><\/figure>\n","protected":false},"excerpt":{"rendered":"<p>\u00abNuestra hip\u00f3tesis es que las dietas con niveles modificados de fibra pueden modular la disbiosis del microbioma intestinal, la disfunci\u00f3n gastrointestinal y el deterioro cognitivo de la EH.\u00a0En este estudio, investigamos si las intervenciones con una dieta rica en fibra o sin fibra desde las 6 a las 20 semanas [&hellip;]<\/p>\n","protected":false},"author":1,"featured_media":0,"comment_status":"open","ping_status":"open","sticky":false,"template":"","format":"standard","meta":{"footnotes":""},"categories":[1],"tags":[7,6,729,4,9,728,5,432,58,8],"class_list":["post-2720","post","type-post","status-publish","format-standard","hentry","category-sin-categoria","tag-asociacion-valenciana-de-enfermedad-de-huntington","tag-avaeh","tag-dieta-fibra-huntington","tag-enfermedad-de-huntington","tag-enfermedades-raras","tag-huntington-microbiota","tag-huntingtons-disease","tag-investigacion-huntington","tag-neurodegenerativa","tag-rare-diseases"],"_links":{"self":[{"href":"https:\/\/avaeh.org\/web_nueva_2021\/wp-json\/wp\/v2\/posts\/2720","targetHints":{"allow":["GET"]}}],"collection":[{"href":"https:\/\/avaeh.org\/web_nueva_2021\/wp-json\/wp\/v2\/posts"}],"about":[{"href":"https:\/\/avaeh.org\/web_nueva_2021\/wp-json\/wp\/v2\/types\/post"}],"author":[{"embeddable":true,"href":"https:\/\/avaeh.org\/web_nueva_2021\/wp-json\/wp\/v2\/users\/1"}],"replies":[{"embeddable":true,"href":"https:\/\/avaeh.org\/web_nueva_2021\/wp-json\/wp\/v2\/comments?post=2720"}],"version-history":[{"count":1,"href":"https:\/\/avaeh.org\/web_nueva_2021\/wp-json\/wp\/v2\/posts\/2720\/revisions"}],"predecessor-version":[{"id":2722,"href":"https:\/\/avaeh.org\/web_nueva_2021\/wp-json\/wp\/v2\/posts\/2720\/revisions\/2722"}],"wp:attachment":[{"href":"https:\/\/avaeh.org\/web_nueva_2021\/wp-json\/wp\/v2\/media?parent=2720"}],"wp:term":[{"taxonomy":"category","embeddable":true,"href":"https:\/\/avaeh.org\/web_nueva_2021\/wp-json\/wp\/v2\/categories?post=2720"},{"taxonomy":"post_tag","embeddable":true,"href":"https:\/\/avaeh.org\/web_nueva_2021\/wp-json\/wp\/v2\/tags?post=2720"}],"curies":[{"name":"wp","href":"https:\/\/api.w.org\/{rel}","templated":true}]}}