{"id":2592,"date":"2023-11-20T08:42:24","date_gmt":"2023-11-20T08:42:24","guid":{"rendered":"https:\/\/avaeh.org\/web_nueva_2021\/?p=2592"},"modified":"2023-11-20T08:42:24","modified_gmt":"2023-11-20T08:42:24","slug":"reunio-amb-el-servei-igualat","status":"publish","type":"post","link":"https:\/\/avaeh.org\/web_nueva_2021\/2023\/11\/20\/reunio-amb-el-servei-igualat\/","title":{"rendered":"Reuni\u00f3 amb el Servei IgualaT"},"content":{"rendered":"\n<p>El divendres passat, AVAEH ens vam reunir amb IgualaT el Servei d&#8217;informaci\u00f3, assessorament i orientaci\u00f3 en situacions de discriminaci\u00f3 i delictes d&#8217;odi. Com a col\u00b7lectiu minoritari estigmatitzat, s\u00f3n molts els casos en els que les persones afectades per la Malaltia de Huntington s\u00f3n v\u00edctimes de discriminaci\u00f3 i odi. <\/p>\n\n\n\n<p>Cal denunciar aquests comportaments i delictes.<\/p>\n\n\n\n<figure class=\"wp-block-gallery has-nested-images columns-default is-cropped wp-block-gallery-1 is-layout-flex wp-block-gallery-is-layout-flex\">\n<figure class=\"wp-block-image size-large\"><img loading=\"lazy\" decoding=\"async\" width=\"1024\" height=\"447\" data-id=\"2594\" src=\"https:\/\/avaeh.org\/web_nueva_2021\/wp-content\/uploads\/2023\/11\/formacio-Igualat-1-1024x447.jpeg\" alt=\"\" class=\"wp-image-2594\" srcset=\"https:\/\/avaeh.org\/web_nueva_2021\/wp-content\/uploads\/2023\/11\/formacio-Igualat-1-1024x447.jpeg 1024w, https:\/\/avaeh.org\/web_nueva_2021\/wp-content\/uploads\/2023\/11\/formacio-Igualat-1-300x131.jpeg 300w, https:\/\/avaeh.org\/web_nueva_2021\/wp-content\/uploads\/2023\/11\/formacio-Igualat-1-768x335.jpeg 768w, https:\/\/avaeh.org\/web_nueva_2021\/wp-content\/uploads\/2023\/11\/formacio-Igualat-1-1536x670.jpeg 1536w, https:\/\/avaeh.org\/web_nueva_2021\/wp-content\/uploads\/2023\/11\/formacio-Igualat-1.jpeg 1600w\" sizes=\"auto, (max-width: 1024px) 100vw, 1024px\" \/><\/figure>\n\n\n\n<figure class=\"wp-block-image size-large\"><img loading=\"lazy\" decoding=\"async\" width=\"1024\" height=\"447\" data-id=\"2593\" src=\"https:\/\/avaeh.org\/web_nueva_2021\/wp-content\/uploads\/2023\/11\/formacio-Igualat-2-1024x447.jpeg\" alt=\"\" class=\"wp-image-2593\" srcset=\"https:\/\/avaeh.org\/web_nueva_2021\/wp-content\/uploads\/2023\/11\/formacio-Igualat-2-1024x447.jpeg 1024w, https:\/\/avaeh.org\/web_nueva_2021\/wp-content\/uploads\/2023\/11\/formacio-Igualat-2-300x131.jpeg 300w, https:\/\/avaeh.org\/web_nueva_2021\/wp-content\/uploads\/2023\/11\/formacio-Igualat-2-768x335.jpeg 768w, https:\/\/avaeh.org\/web_nueva_2021\/wp-content\/uploads\/2023\/11\/formacio-Igualat-2-1536x670.jpeg 1536w, https:\/\/avaeh.org\/web_nueva_2021\/wp-content\/uploads\/2023\/11\/formacio-Igualat-2.jpeg 1600w\" sizes=\"auto, (max-width: 1024px) 100vw, 1024px\" \/><\/figure>\n<\/figure>\n","protected":false},"excerpt":{"rendered":"<p>El divendres passat, AVAEH ens vam reunir amb IgualaT el Servei d&#8217;informaci\u00f3, assessorament i orientaci\u00f3 en situacions de discriminaci\u00f3 i delictes d&#8217;odi. Com a col\u00b7lectiu minoritari estigmatitzat, s\u00f3n molts els casos en els que les persones afectades per la Malaltia de Huntington s\u00f3n v\u00edctimes de discriminaci\u00f3 i odi. Cal denunciar [&hellip;]<\/p>\n","protected":false},"author":1,"featured_media":2594,"comment_status":"open","ping_status":"open","sticky":false,"template":"","format":"standard","meta":{"footnotes":""},"categories":[1],"tags":[7,6,4,9,651,5,691,58,8],"class_list":["post-2592","post","type-post","status-publish","format-standard","has-post-thumbnail","hentry","category-sin-categoria","tag-asociacion-valenciana-de-enfermedad-de-huntington","tag-avaeh","tag-enfermedad-de-huntington","tag-enfermedades-raras","tag-gva-igualtat","tag-huntingtons-disease","tag-igualat","tag-neurodegenerativa","tag-rare-diseases"],"_links":{"self":[{"href":"https:\/\/avaeh.org\/web_nueva_2021\/wp-json\/wp\/v2\/posts\/2592","targetHints":{"allow":["GET"]}}],"collection":[{"href":"https:\/\/avaeh.org\/web_nueva_2021\/wp-json\/wp\/v2\/posts"}],"about":[{"href":"https:\/\/avaeh.org\/web_nueva_2021\/wp-json\/wp\/v2\/types\/post"}],"author":[{"embeddable":true,"href":"https:\/\/avaeh.org\/web_nueva_2021\/wp-json\/wp\/v2\/users\/1"}],"replies":[{"embeddable":true,"href":"https:\/\/avaeh.org\/web_nueva_2021\/wp-json\/wp\/v2\/comments?post=2592"}],"version-history":[{"count":1,"href":"https:\/\/avaeh.org\/web_nueva_2021\/wp-json\/wp\/v2\/posts\/2592\/revisions"}],"predecessor-version":[{"id":2595,"href":"https:\/\/avaeh.org\/web_nueva_2021\/wp-json\/wp\/v2\/posts\/2592\/revisions\/2595"}],"wp:featuredmedia":[{"embeddable":true,"href":"https:\/\/avaeh.org\/web_nueva_2021\/wp-json\/wp\/v2\/media\/2594"}],"wp:attachment":[{"href":"https:\/\/avaeh.org\/web_nueva_2021\/wp-json\/wp\/v2\/media?parent=2592"}],"wp:term":[{"taxonomy":"category","embeddable":true,"href":"https:\/\/avaeh.org\/web_nueva_2021\/wp-json\/wp\/v2\/categories?post=2592"},{"taxonomy":"post_tag","embeddable":true,"href":"https:\/\/avaeh.org\/web_nueva_2021\/wp-json\/wp\/v2\/tags?post=2592"}],"curies":[{"name":"wp","href":"https:\/\/api.w.org\/{rel}","templated":true}]}}