{"id":2538,"date":"2023-11-07T12:54:40","date_gmt":"2023-11-07T12:54:40","guid":{"rendered":"https:\/\/avaeh.org\/web_nueva_2021\/?p=2538"},"modified":"2023-11-07T12:54:41","modified_gmt":"2023-11-07T12:54:41","slug":"marcha-solidaria-neurodegenerativas-todo-un-exito","status":"publish","type":"post","link":"https:\/\/avaeh.org\/web_nueva_2021\/2023\/11\/07\/marcha-solidaria-neurodegenerativas-todo-un-exito\/","title":{"rendered":"Marcha Solidaria Neurodegenerativas \u00a1todo un \u00e9xito!"},"content":{"rendered":"\n<p>El pasado s\u00e1bado, 4 de noviembre, tuvo lugar en la Font del Palau de la M\u00fasica la primera Marcha Solidaria Neurodegenerativas organizada por la Plataforma Ndg CV y la Sociedad Espa\u00f1ola de Neurolog\u00eda. Fue un \u00e9xito de participaci\u00f3n, pues se vendieron los 200 dorsales de la marcha y muchos m\u00e1s de Km0 a aquellas personas que no pod\u00edan asistir pero quer\u00edan colaborar.<\/p>\n\n\n\n<p>Enfermedades neurodegenerativas como Alzheimer, ELA, Esclerosis M\u00faltiple, Huntington y Parkinson nos pusimos las zapatillas y, con la misma camiseta, caminamos un peque\u00f1o tramo para visibilizar y concienciar a la sociedad. <\/p>\n\n\n\n<p>Tras el \u00e9xito, \u00a1repetiremos el a\u00f1o que viene! Gracias a todas las personas que hab\u00e9is participado, que hab\u00e9is ayudado a organizar y que est\u00e1is siempre a nuestro lado.<\/p>\n\n\n\n<figure class=\"wp-block-gallery has-nested-images columns-default is-cropped wp-block-gallery-1 is-layout-flex wp-block-gallery-is-layout-flex\">\n<figure class=\"wp-block-image size-large\"><img loading=\"lazy\" decoding=\"async\" width=\"1024\" height=\"576\" data-id=\"2542\" src=\"https:\/\/avaeh.org\/web_nueva_2021\/wp-content\/uploads\/2023\/11\/Inauguracion-1024x576.jpg\" alt=\"\" class=\"wp-image-2542\" srcset=\"https:\/\/avaeh.org\/web_nueva_2021\/wp-content\/uploads\/2023\/11\/Inauguracion-1024x576.jpg 1024w, https:\/\/avaeh.org\/web_nueva_2021\/wp-content\/uploads\/2023\/11\/Inauguracion-300x169.jpg 300w, https:\/\/avaeh.org\/web_nueva_2021\/wp-content\/uploads\/2023\/11\/Inauguracion-768x432.jpg 768w, https:\/\/avaeh.org\/web_nueva_2021\/wp-content\/uploads\/2023\/11\/Inauguracion-1536x864.jpg 1536w, https:\/\/avaeh.org\/web_nueva_2021\/wp-content\/uploads\/2023\/11\/Inauguracion.jpg 1600w\" sizes=\"auto, (max-width: 1024px) 100vw, 1024px\" \/><\/figure>\n\n\n\n<figure class=\"wp-block-image size-large\"><img loading=\"lazy\" decoding=\"async\" width=\"1024\" height=\"498\" data-id=\"2541\" src=\"https:\/\/avaeh.org\/web_nueva_2021\/wp-content\/uploads\/2023\/11\/Marcha-Solidara-NDG-23-1-1024x498.jpeg\" alt=\"\" class=\"wp-image-2541\" srcset=\"https:\/\/avaeh.org\/web_nueva_2021\/wp-content\/uploads\/2023\/11\/Marcha-Solidara-NDG-23-1-1024x498.jpeg 1024w, https:\/\/avaeh.org\/web_nueva_2021\/wp-content\/uploads\/2023\/11\/Marcha-Solidara-NDG-23-1-300x146.jpeg 300w, https:\/\/avaeh.org\/web_nueva_2021\/wp-content\/uploads\/2023\/11\/Marcha-Solidara-NDG-23-1-768x373.jpeg 768w, https:\/\/avaeh.org\/web_nueva_2021\/wp-content\/uploads\/2023\/11\/Marcha-Solidara-NDG-23-1.jpeg 1416w\" sizes=\"auto, (max-width: 1024px) 100vw, 1024px\" \/><\/figure>\n\n\n\n<figure class=\"wp-block-image size-large\"><img loading=\"lazy\" decoding=\"async\" width=\"1024\" height=\"498\" data-id=\"2540\" src=\"https:\/\/avaeh.org\/web_nueva_2021\/wp-content\/uploads\/2023\/11\/Marcha-Solidara-NDG-23-2-1024x498.jpeg\" alt=\"\" class=\"wp-image-2540\" srcset=\"https:\/\/avaeh.org\/web_nueva_2021\/wp-content\/uploads\/2023\/11\/Marcha-Solidara-NDG-23-2-1024x498.jpeg 1024w, https:\/\/avaeh.org\/web_nueva_2021\/wp-content\/uploads\/2023\/11\/Marcha-Solidara-NDG-23-2-300x146.jpeg 300w, https:\/\/avaeh.org\/web_nueva_2021\/wp-content\/uploads\/2023\/11\/Marcha-Solidara-NDG-23-2-768x373.jpeg 768w, https:\/\/avaeh.org\/web_nueva_2021\/wp-content\/uploads\/2023\/11\/Marcha-Solidara-NDG-23-2.jpeg 1416w\" sizes=\"auto, (max-width: 1024px) 100vw, 1024px\" \/><\/figure>\n\n\n\n<figure class=\"wp-block-image size-large\"><img loading=\"lazy\" decoding=\"async\" width=\"1024\" height=\"768\" data-id=\"2539\" src=\"https:\/\/avaeh.org\/web_nueva_2021\/wp-content\/uploads\/2023\/11\/Marcha-Solidara-NDG-23-20.jpeg\" alt=\"\" class=\"wp-image-2539\" srcset=\"https:\/\/avaeh.org\/web_nueva_2021\/wp-content\/uploads\/2023\/11\/Marcha-Solidara-NDG-23-20.jpeg 1024w, https:\/\/avaeh.org\/web_nueva_2021\/wp-content\/uploads\/2023\/11\/Marcha-Solidara-NDG-23-20-300x225.jpeg 300w, https:\/\/avaeh.org\/web_nueva_2021\/wp-content\/uploads\/2023\/11\/Marcha-Solidara-NDG-23-20-768x576.jpeg 768w\" sizes=\"auto, (max-width: 1024px) 100vw, 1024px\" \/><\/figure>\n<\/figure>\n","protected":false},"excerpt":{"rendered":"<p>El pasado s\u00e1bado, 4 de noviembre, tuvo lugar en la Font del Palau de la M\u00fasica la primera Marcha Solidaria Neurodegenerativas organizada por la Plataforma Ndg CV y la Sociedad Espa\u00f1ola de Neurolog\u00eda. Fue un \u00e9xito de participaci\u00f3n, pues se vendieron los 200 dorsales de la marcha y muchos m\u00e1s [&hellip;]<\/p>\n","protected":false},"author":1,"featured_media":2539,"comment_status":"open","ping_status":"open","sticky":false,"template":"","format":"standard","meta":{"footnotes":""},"categories":[1],"tags":[678,7,6,4,9,651,372,5,58,592,8],"class_list":["post-2538","post","type-post","status-publish","format-standard","has-post-thumbnail","hentry","category-sin-categoria","tag-ajuntament-de-valencia-2","tag-asociacion-valenciana-de-enfermedad-de-huntington","tag-avaeh","tag-enfermedad-de-huntington","tag-enfermedades-raras","tag-gva-igualtat","tag-gva-sanitat","tag-huntingtons-disease","tag-neurodegenerativa","tag-plataforma-neurodegenerativas-cv","tag-rare-diseases"],"_links":{"self":[{"href":"https:\/\/avaeh.org\/web_nueva_2021\/wp-json\/wp\/v2\/posts\/2538","targetHints":{"allow":["GET"]}}],"collection":[{"href":"https:\/\/avaeh.org\/web_nueva_2021\/wp-json\/wp\/v2\/posts"}],"about":[{"href":"https:\/\/avaeh.org\/web_nueva_2021\/wp-json\/wp\/v2\/types\/post"}],"author":[{"embeddable":true,"href":"https:\/\/avaeh.org\/web_nueva_2021\/wp-json\/wp\/v2\/users\/1"}],"replies":[{"embeddable":true,"href":"https:\/\/avaeh.org\/web_nueva_2021\/wp-json\/wp\/v2\/comments?post=2538"}],"version-history":[{"count":1,"href":"https:\/\/avaeh.org\/web_nueva_2021\/wp-json\/wp\/v2\/posts\/2538\/revisions"}],"predecessor-version":[{"id":2543,"href":"https:\/\/avaeh.org\/web_nueva_2021\/wp-json\/wp\/v2\/posts\/2538\/revisions\/2543"}],"wp:featuredmedia":[{"embeddable":true,"href":"https:\/\/avaeh.org\/web_nueva_2021\/wp-json\/wp\/v2\/media\/2539"}],"wp:attachment":[{"href":"https:\/\/avaeh.org\/web_nueva_2021\/wp-json\/wp\/v2\/media?parent=2538"}],"wp:term":[{"taxonomy":"category","embeddable":true,"href":"https:\/\/avaeh.org\/web_nueva_2021\/wp-json\/wp\/v2\/categories?post=2538"},{"taxonomy":"post_tag","embeddable":true,"href":"https:\/\/avaeh.org\/web_nueva_2021\/wp-json\/wp\/v2\/tags?post=2538"}],"curies":[{"name":"wp","href":"https:\/\/api.w.org\/{rel}","templated":true}]}}