{"id":2503,"date":"2023-11-03T15:21:00","date_gmt":"2023-11-03T15:21:00","guid":{"rendered":"https:\/\/avaeh.org\/web_nueva_2021\/?p=2503"},"modified":"2023-11-06T09:22:32","modified_gmt":"2023-11-06T09:22:32","slug":"presentacion-plataforma-neurodegenerativas-cv-en-jornada-del-paciente-sociedad-espanola-de-neurologia","status":"publish","type":"post","link":"https:\/\/avaeh.org\/web_nueva_2021\/2023\/11\/03\/presentacion-plataforma-neurodegenerativas-cv-en-jornada-del-paciente-sociedad-espanola-de-neurologia\/","title":{"rendered":"Presentaci\u00f3n Plataforma Neurodegenerativas CV en Jornada del Paciente Sociedad Espa\u00f1ola de Neurolog\u00eda"},"content":{"rendered":"\n<p>AVAEH, Huntington, junto con las compa\u00f1eras y compa\u00f1eros de Alzheimer, ELA, Escleroris M\u00faltiple y Parkinson; hemos participado en la Jornada del Paciente dentro de la reuni\u00f3n anual que organiza la Sociedad Espa\u00f1ola de Neurolog\u00eda. <\/p>\n\n\n\n<p>Hemos compartido una ma\u00f1ana con entidades asociativas de diferentes comunidades auton\u00f3micas y estatales. Hemos escuchado las diferentes luchas y hemos empatizado al 100% en cada uno de los testimonios. <\/p>\n\n\n\n<p>Para terminar, hemos podido presentar la iniciativa de la Plataforma Neurodegenerativas CV y hemos formado la mesa redonda Recursos y servicios a personas con enfermedades neurodegenerativas: Situaci\u00f3n en la Comunidad Valenciana. <\/p>\n\n\n\n<figure class=\"wp-block-gallery has-nested-images columns-default is-cropped wp-block-gallery-1 is-layout-flex wp-block-gallery-is-layout-flex\">\n<figure class=\"wp-block-image size-large\"><img loading=\"lazy\" decoding=\"async\" width=\"447\" height=\"1024\" data-id=\"2505\" src=\"https:\/\/avaeh.org\/web_nueva_2021\/wp-content\/uploads\/2023\/11\/Jornada-SEN-fotos-AVAEH-1-447x1024.jpeg\" alt=\"\" class=\"wp-image-2505\" srcset=\"https:\/\/avaeh.org\/web_nueva_2021\/wp-content\/uploads\/2023\/11\/Jornada-SEN-fotos-AVAEH-1-447x1024.jpeg 447w, https:\/\/avaeh.org\/web_nueva_2021\/wp-content\/uploads\/2023\/11\/Jornada-SEN-fotos-AVAEH-1-131x300.jpeg 131w, https:\/\/avaeh.org\/web_nueva_2021\/wp-content\/uploads\/2023\/11\/Jornada-SEN-fotos-AVAEH-1-670x1536.jpeg 670w, https:\/\/avaeh.org\/web_nueva_2021\/wp-content\/uploads\/2023\/11\/Jornada-SEN-fotos-AVAEH-1.jpeg 698w\" sizes=\"auto, (max-width: 447px) 100vw, 447px\" \/><\/figure>\n\n\n\n<figure class=\"wp-block-image size-large\"><img loading=\"lazy\" decoding=\"async\" width=\"1024\" height=\"768\" data-id=\"2510\" src=\"https:\/\/avaeh.org\/web_nueva_2021\/wp-content\/uploads\/2023\/11\/Jornada-SEN-fotos-AVAEH-4-1024x768.jpeg\" alt=\"\" class=\"wp-image-2510\" srcset=\"https:\/\/avaeh.org\/web_nueva_2021\/wp-content\/uploads\/2023\/11\/Jornada-SEN-fotos-AVAEH-4-1024x768.jpeg 1024w, https:\/\/avaeh.org\/web_nueva_2021\/wp-content\/uploads\/2023\/11\/Jornada-SEN-fotos-AVAEH-4-300x225.jpeg 300w, https:\/\/avaeh.org\/web_nueva_2021\/wp-content\/uploads\/2023\/11\/Jornada-SEN-fotos-AVAEH-4-768x576.jpeg 768w, https:\/\/avaeh.org\/web_nueva_2021\/wp-content\/uploads\/2023\/11\/Jornada-SEN-fotos-AVAEH-4-1536x1152.jpeg 1536w, https:\/\/avaeh.org\/web_nueva_2021\/wp-content\/uploads\/2023\/11\/Jornada-SEN-fotos-AVAEH-4.jpeg 1600w\" sizes=\"auto, (max-width: 1024px) 100vw, 1024px\" \/><\/figure>\n\n\n\n<figure class=\"wp-block-image size-large\"><img loading=\"lazy\" decoding=\"async\" width=\"1024\" height=\"447\" data-id=\"2508\" src=\"https:\/\/avaeh.org\/web_nueva_2021\/wp-content\/uploads\/2023\/11\/Jornada-SEN-fotos-AVAEH-7-1024x447.jpeg\" alt=\"\" class=\"wp-image-2508\" srcset=\"https:\/\/avaeh.org\/web_nueva_2021\/wp-content\/uploads\/2023\/11\/Jornada-SEN-fotos-AVAEH-7-1024x447.jpeg 1024w, https:\/\/avaeh.org\/web_nueva_2021\/wp-content\/uploads\/2023\/11\/Jornada-SEN-fotos-AVAEH-7-300x131.jpeg 300w, https:\/\/avaeh.org\/web_nueva_2021\/wp-content\/uploads\/2023\/11\/Jornada-SEN-fotos-AVAEH-7-768x335.jpeg 768w, https:\/\/avaeh.org\/web_nueva_2021\/wp-content\/uploads\/2023\/11\/Jornada-SEN-fotos-AVAEH-7-1536x670.jpeg 1536w, https:\/\/avaeh.org\/web_nueva_2021\/wp-content\/uploads\/2023\/11\/Jornada-SEN-fotos-AVAEH-7.jpeg 1600w\" sizes=\"auto, (max-width: 1024px) 100vw, 1024px\" \/><\/figure>\n\n\n\n<figure class=\"wp-block-image size-large\"><img loading=\"lazy\" decoding=\"async\" width=\"1024\" height=\"447\" data-id=\"2509\" src=\"https:\/\/avaeh.org\/web_nueva_2021\/wp-content\/uploads\/2023\/11\/Jornada-SEN-fotos-AVAEH-10-1024x447.jpeg\" alt=\"\" class=\"wp-image-2509\" srcset=\"https:\/\/avaeh.org\/web_nueva_2021\/wp-content\/uploads\/2023\/11\/Jornada-SEN-fotos-AVAEH-10-1024x447.jpeg 1024w, https:\/\/avaeh.org\/web_nueva_2021\/wp-content\/uploads\/2023\/11\/Jornada-SEN-fotos-AVAEH-10-300x131.jpeg 300w, https:\/\/avaeh.org\/web_nueva_2021\/wp-content\/uploads\/2023\/11\/Jornada-SEN-fotos-AVAEH-10-768x335.jpeg 768w, https:\/\/avaeh.org\/web_nueva_2021\/wp-content\/uploads\/2023\/11\/Jornada-SEN-fotos-AVAEH-10-1536x670.jpeg 1536w, https:\/\/avaeh.org\/web_nueva_2021\/wp-content\/uploads\/2023\/11\/Jornada-SEN-fotos-AVAEH-10.jpeg 1600w\" sizes=\"auto, (max-width: 1024px) 100vw, 1024px\" \/><\/figure>\n\n\n\n<figure class=\"wp-block-image size-large\"><img loading=\"lazy\" decoding=\"async\" width=\"1024\" height=\"447\" data-id=\"2507\" src=\"https:\/\/avaeh.org\/web_nueva_2021\/wp-content\/uploads\/2023\/11\/Jornada-SEN-fotos-AVAEH-14-1024x447.jpeg\" alt=\"\" class=\"wp-image-2507\" srcset=\"https:\/\/avaeh.org\/web_nueva_2021\/wp-content\/uploads\/2023\/11\/Jornada-SEN-fotos-AVAEH-14-1024x447.jpeg 1024w, https:\/\/avaeh.org\/web_nueva_2021\/wp-content\/uploads\/2023\/11\/Jornada-SEN-fotos-AVAEH-14-300x131.jpeg 300w, https:\/\/avaeh.org\/web_nueva_2021\/wp-content\/uploads\/2023\/11\/Jornada-SEN-fotos-AVAEH-14-768x335.jpeg 768w, https:\/\/avaeh.org\/web_nueva_2021\/wp-content\/uploads\/2023\/11\/Jornada-SEN-fotos-AVAEH-14-1536x670.jpeg 1536w, https:\/\/avaeh.org\/web_nueva_2021\/wp-content\/uploads\/2023\/11\/Jornada-SEN-fotos-AVAEH-14.jpeg 1600w\" sizes=\"auto, (max-width: 1024px) 100vw, 1024px\" \/><\/figure>\n\n\n\n<figure class=\"wp-block-image size-large\"><img loading=\"lazy\" decoding=\"async\" width=\"1024\" height=\"768\" data-id=\"2516\" src=\"https:\/\/avaeh.org\/web_nueva_2021\/wp-content\/uploads\/2023\/11\/Jornada-SEN-fotos-AVAEH-16-1024x768.jpeg\" alt=\"\" class=\"wp-image-2516\" srcset=\"https:\/\/avaeh.org\/web_nueva_2021\/wp-content\/uploads\/2023\/11\/Jornada-SEN-fotos-AVAEH-16-1024x768.jpeg 1024w, https:\/\/avaeh.org\/web_nueva_2021\/wp-content\/uploads\/2023\/11\/Jornada-SEN-fotos-AVAEH-16-300x225.jpeg 300w, https:\/\/avaeh.org\/web_nueva_2021\/wp-content\/uploads\/2023\/11\/Jornada-SEN-fotos-AVAEH-16-768x576.jpeg 768w, https:\/\/avaeh.org\/web_nueva_2021\/wp-content\/uploads\/2023\/11\/Jornada-SEN-fotos-AVAEH-16-1536x1152.jpeg 1536w, https:\/\/avaeh.org\/web_nueva_2021\/wp-content\/uploads\/2023\/11\/Jornada-SEN-fotos-AVAEH-16.jpeg 1600w\" sizes=\"auto, (max-width: 1024px) 100vw, 1024px\" \/><\/figure>\n\n\n\n<figure class=\"wp-block-image size-large\"><img loading=\"lazy\" decoding=\"async\" width=\"1024\" height=\"768\" data-id=\"2514\" src=\"https:\/\/avaeh.org\/web_nueva_2021\/wp-content\/uploads\/2023\/11\/Jornada-SEN-fotos-AVAEH-17-1024x768.jpeg\" alt=\"\" class=\"wp-image-2514\" srcset=\"https:\/\/avaeh.org\/web_nueva_2021\/wp-content\/uploads\/2023\/11\/Jornada-SEN-fotos-AVAEH-17-1024x768.jpeg 1024w, https:\/\/avaeh.org\/web_nueva_2021\/wp-content\/uploads\/2023\/11\/Jornada-SEN-fotos-AVAEH-17-300x225.jpeg 300w, https:\/\/avaeh.org\/web_nueva_2021\/wp-content\/uploads\/2023\/11\/Jornada-SEN-fotos-AVAEH-17-768x576.jpeg 768w, https:\/\/avaeh.org\/web_nueva_2021\/wp-content\/uploads\/2023\/11\/Jornada-SEN-fotos-AVAEH-17-1536x1152.jpeg 1536w, https:\/\/avaeh.org\/web_nueva_2021\/wp-content\/uploads\/2023\/11\/Jornada-SEN-fotos-AVAEH-17.jpeg 1600w\" sizes=\"auto, (max-width: 1024px) 100vw, 1024px\" \/><\/figure>\n\n\n\n<figure class=\"wp-block-image size-large\"><img loading=\"lazy\" decoding=\"async\" width=\"1024\" height=\"447\" data-id=\"2513\" src=\"https:\/\/avaeh.org\/web_nueva_2021\/wp-content\/uploads\/2023\/11\/Jornada-SEN-fotos-AVAEH-19-1024x447.jpeg\" alt=\"\" class=\"wp-image-2513\" srcset=\"https:\/\/avaeh.org\/web_nueva_2021\/wp-content\/uploads\/2023\/11\/Jornada-SEN-fotos-AVAEH-19-1024x447.jpeg 1024w, https:\/\/avaeh.org\/web_nueva_2021\/wp-content\/uploads\/2023\/11\/Jornada-SEN-fotos-AVAEH-19-300x131.jpeg 300w, https:\/\/avaeh.org\/web_nueva_2021\/wp-content\/uploads\/2023\/11\/Jornada-SEN-fotos-AVAEH-19-768x335.jpeg 768w, https:\/\/avaeh.org\/web_nueva_2021\/wp-content\/uploads\/2023\/11\/Jornada-SEN-fotos-AVAEH-19-1536x670.jpeg 1536w, https:\/\/avaeh.org\/web_nueva_2021\/wp-content\/uploads\/2023\/11\/Jornada-SEN-fotos-AVAEH-19.jpeg 1600w\" sizes=\"auto, (max-width: 1024px) 100vw, 1024px\" \/><\/figure>\n\n\n\n<figure class=\"wp-block-image size-large\"><img loading=\"lazy\" decoding=\"async\" width=\"768\" height=\"1024\" data-id=\"2518\" src=\"https:\/\/avaeh.org\/web_nueva_2021\/wp-content\/uploads\/2023\/11\/Jornada-SEN-fotos-AVAEH-21-768x1024.jpeg\" alt=\"\" class=\"wp-image-2518\" srcset=\"https:\/\/avaeh.org\/web_nueva_2021\/wp-content\/uploads\/2023\/11\/Jornada-SEN-fotos-AVAEH-21-768x1024.jpeg 768w, https:\/\/avaeh.org\/web_nueva_2021\/wp-content\/uploads\/2023\/11\/Jornada-SEN-fotos-AVAEH-21-225x300.jpeg 225w, https:\/\/avaeh.org\/web_nueva_2021\/wp-content\/uploads\/2023\/11\/Jornada-SEN-fotos-AVAEH-21-1152x1536.jpeg 1152w, https:\/\/avaeh.org\/web_nueva_2021\/wp-content\/uploads\/2023\/11\/Jornada-SEN-fotos-AVAEH-21.jpeg 1500w\" sizes=\"auto, (max-width: 768px) 100vw, 768px\" \/><\/figure>\n\n\n\n<figure class=\"wp-block-image size-large\"><img loading=\"lazy\" decoding=\"async\" width=\"1024\" height=\"768\" data-id=\"2515\" src=\"https:\/\/avaeh.org\/web_nueva_2021\/wp-content\/uploads\/2023\/11\/Jornada-SEN-fotos-AVAEH-22-1024x768.jpeg\" alt=\"\" class=\"wp-image-2515\" srcset=\"https:\/\/avaeh.org\/web_nueva_2021\/wp-content\/uploads\/2023\/11\/Jornada-SEN-fotos-AVAEH-22-1024x768.jpeg 1024w, https:\/\/avaeh.org\/web_nueva_2021\/wp-content\/uploads\/2023\/11\/Jornada-SEN-fotos-AVAEH-22-300x225.jpeg 300w, https:\/\/avaeh.org\/web_nueva_2021\/wp-content\/uploads\/2023\/11\/Jornada-SEN-fotos-AVAEH-22-768x576.jpeg 768w, https:\/\/avaeh.org\/web_nueva_2021\/wp-content\/uploads\/2023\/11\/Jornada-SEN-fotos-AVAEH-22-1536x1152.jpeg 1536w, https:\/\/avaeh.org\/web_nueva_2021\/wp-content\/uploads\/2023\/11\/Jornada-SEN-fotos-AVAEH-22.jpeg 2000w\" sizes=\"auto, (max-width: 1024px) 100vw, 1024px\" \/><\/figure>\n\n\n\n<figure class=\"wp-block-image size-large\"><img loading=\"lazy\" decoding=\"async\" width=\"1024\" height=\"768\" data-id=\"2517\" src=\"https:\/\/avaeh.org\/web_nueva_2021\/wp-content\/uploads\/2023\/11\/Jornada-SEN-fotos-AVAEH-25-1024x768.jpeg\" alt=\"\" class=\"wp-image-2517\" srcset=\"https:\/\/avaeh.org\/web_nueva_2021\/wp-content\/uploads\/2023\/11\/Jornada-SEN-fotos-AVAEH-25-1024x768.jpeg 1024w, https:\/\/avaeh.org\/web_nueva_2021\/wp-content\/uploads\/2023\/11\/Jornada-SEN-fotos-AVAEH-25-300x225.jpeg 300w, https:\/\/avaeh.org\/web_nueva_2021\/wp-content\/uploads\/2023\/11\/Jornada-SEN-fotos-AVAEH-25-768x576.jpeg 768w, https:\/\/avaeh.org\/web_nueva_2021\/wp-content\/uploads\/2023\/11\/Jornada-SEN-fotos-AVAEH-25-1536x1152.jpeg 1536w, https:\/\/avaeh.org\/web_nueva_2021\/wp-content\/uploads\/2023\/11\/Jornada-SEN-fotos-AVAEH-25.jpeg 2000w\" sizes=\"auto, (max-width: 1024px) 100vw, 1024px\" \/><\/figure>\n\n\n\n<figure class=\"wp-block-image size-large\"><img loading=\"lazy\" decoding=\"async\" width=\"1024\" height=\"447\" data-id=\"2519\" src=\"https:\/\/avaeh.org\/web_nueva_2021\/wp-content\/uploads\/2023\/11\/Jornada-SEN-fotos-AVAEH-27-1024x447.jpeg\" alt=\"\" class=\"wp-image-2519\" srcset=\"https:\/\/avaeh.org\/web_nueva_2021\/wp-content\/uploads\/2023\/11\/Jornada-SEN-fotos-AVAEH-27-1024x447.jpeg 1024w, https:\/\/avaeh.org\/web_nueva_2021\/wp-content\/uploads\/2023\/11\/Jornada-SEN-fotos-AVAEH-27-300x131.jpeg 300w, https:\/\/avaeh.org\/web_nueva_2021\/wp-content\/uploads\/2023\/11\/Jornada-SEN-fotos-AVAEH-27-768x335.jpeg 768w, https:\/\/avaeh.org\/web_nueva_2021\/wp-content\/uploads\/2023\/11\/Jornada-SEN-fotos-AVAEH-27-1536x670.jpeg 1536w, https:\/\/avaeh.org\/web_nueva_2021\/wp-content\/uploads\/2023\/11\/Jornada-SEN-fotos-AVAEH-27.jpeg 1600w\" sizes=\"auto, (max-width: 1024px) 100vw, 1024px\" \/><\/figure>\n\n\n\n<figure class=\"wp-block-image size-large\"><img loading=\"lazy\" decoding=\"async\" width=\"1024\" height=\"447\" data-id=\"2520\" src=\"https:\/\/avaeh.org\/web_nueva_2021\/wp-content\/uploads\/2023\/11\/Jornada-SEN-fotos-AVAEH-30-1024x447.jpeg\" alt=\"\" class=\"wp-image-2520\" srcset=\"https:\/\/avaeh.org\/web_nueva_2021\/wp-content\/uploads\/2023\/11\/Jornada-SEN-fotos-AVAEH-30-1024x447.jpeg 1024w, https:\/\/avaeh.org\/web_nueva_2021\/wp-content\/uploads\/2023\/11\/Jornada-SEN-fotos-AVAEH-30-300x131.jpeg 300w, https:\/\/avaeh.org\/web_nueva_2021\/wp-content\/uploads\/2023\/11\/Jornada-SEN-fotos-AVAEH-30-768x335.jpeg 768w, https:\/\/avaeh.org\/web_nueva_2021\/wp-content\/uploads\/2023\/11\/Jornada-SEN-fotos-AVAEH-30-1536x670.jpeg 1536w, https:\/\/avaeh.org\/web_nueva_2021\/wp-content\/uploads\/2023\/11\/Jornada-SEN-fotos-AVAEH-30.jpeg 1600w\" sizes=\"auto, (max-width: 1024px) 100vw, 1024px\" \/><\/figure>\n<\/figure>\n\n\n\n<p><\/p>\n","protected":false},"excerpt":{"rendered":"<p>AVAEH, Huntington, junto con las compa\u00f1eras y compa\u00f1eros de Alzheimer, ELA, Escleroris M\u00faltiple y Parkinson; hemos participado en la Jornada del Paciente dentro de la reuni\u00f3n anual que organiza la Sociedad Espa\u00f1ola de Neurolog\u00eda. Hemos compartido una ma\u00f1ana con entidades asociativas de diferentes comunidades auton\u00f3micas y estatales. Hemos escuchado las [&hellip;]<\/p>\n","protected":false},"author":1,"featured_media":2507,"comment_status":"open","ping_status":"open","sticky":false,"template":"","format":"standard","meta":{"footnotes":""},"categories":[1],"tags":[678,7,6,4,9,651,410,372,5,679,58,578,8,675],"class_list":["post-2503","post","type-post","status-publish","format-standard","has-post-thumbnail","hentry","category-sin-categoria","tag-ajuntament-de-valencia-2","tag-asociacion-valenciana-de-enfermedad-de-huntington","tag-avaeh","tag-enfermedad-de-huntington","tag-enfermedades-raras","tag-gva-igualtat","tag-gva-inclusio","tag-gva-sanitat","tag-huntingtons-disease","tag-jornada-del-paciente","tag-neurodegenerativa","tag-plataforma-de-enfermedades-neurodegenerativas-cv","tag-rare-diseases","tag-sociedad-espanola-de-neurologia"],"_links":{"self":[{"href":"https:\/\/avaeh.org\/web_nueva_2021\/wp-json\/wp\/v2\/posts\/2503","targetHints":{"allow":["GET"]}}],"collection":[{"href":"https:\/\/avaeh.org\/web_nueva_2021\/wp-json\/wp\/v2\/posts"}],"about":[{"href":"https:\/\/avaeh.org\/web_nueva_2021\/wp-json\/wp\/v2\/types\/post"}],"author":[{"embeddable":true,"href":"https:\/\/avaeh.org\/web_nueva_2021\/wp-json\/wp\/v2\/users\/1"}],"replies":[{"embeddable":true,"href":"https:\/\/avaeh.org\/web_nueva_2021\/wp-json\/wp\/v2\/comments?post=2503"}],"version-history":[{"count":1,"href":"https:\/\/avaeh.org\/web_nueva_2021\/wp-json\/wp\/v2\/posts\/2503\/revisions"}],"predecessor-version":[{"id":2521,"href":"https:\/\/avaeh.org\/web_nueva_2021\/wp-json\/wp\/v2\/posts\/2503\/revisions\/2521"}],"wp:featuredmedia":[{"embeddable":true,"href":"https:\/\/avaeh.org\/web_nueva_2021\/wp-json\/wp\/v2\/media\/2507"}],"wp:attachment":[{"href":"https:\/\/avaeh.org\/web_nueva_2021\/wp-json\/wp\/v2\/media?parent=2503"}],"wp:term":[{"taxonomy":"category","embeddable":true,"href":"https:\/\/avaeh.org\/web_nueva_2021\/wp-json\/wp\/v2\/categories?post=2503"},{"taxonomy":"post_tag","embeddable":true,"href":"https:\/\/avaeh.org\/web_nueva_2021\/wp-json\/wp\/v2\/tags?post=2503"}],"curies":[{"name":"wp","href":"https:\/\/api.w.org\/{rel}","templated":true}]}}