{"id":2489,"date":"2023-10-27T08:38:13","date_gmt":"2023-10-27T08:38:13","guid":{"rendered":"https:\/\/avaeh.org\/web_nueva_2021\/?p=2489"},"modified":"2023-10-27T08:38:13","modified_gmt":"2023-10-27T08:38:13","slug":"jornada-del-paciente-mesa-redonda","status":"publish","type":"post","link":"https:\/\/avaeh.org\/web_nueva_2021\/2023\/10\/27\/jornada-del-paciente-mesa-redonda\/","title":{"rendered":"Jornada del Paciente: Mesa Redonda"},"content":{"rendered":"\n<figure class=\"wp-block-image size-large\"><img loading=\"lazy\" decoding=\"async\" width=\"1024\" height=\"576\" src=\"https:\/\/avaeh.org\/web_nueva_2021\/wp-content\/uploads\/2023\/10\/Jornada-del-paciente-SEN-1024x576.jpeg\" alt=\"\" class=\"wp-image-2490\" srcset=\"https:\/\/avaeh.org\/web_nueva_2021\/wp-content\/uploads\/2023\/10\/Jornada-del-paciente-SEN-1024x576.jpeg 1024w, https:\/\/avaeh.org\/web_nueva_2021\/wp-content\/uploads\/2023\/10\/Jornada-del-paciente-SEN-300x169.jpeg 300w, https:\/\/avaeh.org\/web_nueva_2021\/wp-content\/uploads\/2023\/10\/Jornada-del-paciente-SEN-768x432.jpeg 768w, https:\/\/avaeh.org\/web_nueva_2021\/wp-content\/uploads\/2023\/10\/Jornada-del-paciente-SEN-1536x864.jpeg 1536w, https:\/\/avaeh.org\/web_nueva_2021\/wp-content\/uploads\/2023\/10\/Jornada-del-paciente-SEN.jpeg 1600w\" sizes=\"auto, (max-width: 1024px) 100vw, 1024px\" \/><\/figure>\n\n\n\n<p>\ud83e\udde0 JORNADA DEL PACIENTE: MESA REDONDA<\/p>\n\n\n\n<p>Dentro de la LXXV Reuni\u00f3n Anual de la Sociedad Espa\u00f1ola de Neurolog\u00eda (SEN) que se celebra este a\u00f1o en Valencia, participamos a trav\u00e9s de la Plataforma Neurodegenerativas CV en la Jornada #RASEN23: &#8216;Encuentro de Asociaciones&#8217;, el pr\u00f3ximo viernes 3 de noviembre.<\/p>\n\n\n\n<p>La Mesa Redonda se basar\u00e1 en recursos y servicios a personas con enfermedades neurodegenerativas y su situaci\u00f3n en la Comunidad Valenciana. Aqu\u00ed puedes ver el PROGRAMA \ud83d\udcd8: https:\/\/www.sen.es\/attachments\/article\/3345\/Programa-%20Jornada%20Pacientes%20RASEN23.pdf<\/p>\n\n\n\n<p>\u27a1\ufe0f INSCRIPCIONES (Aforo limitado. Recibir\u00e1s mail de confirmaci\u00f3n de inscripci\u00f3n): https:\/\/buff.ly\/46ZMu5e<\/p>\n\n\n\n<p>@SociedadEspa\u00f1olaNeurolog\u00eda (SEN) #PNCV #RASEN23 #Neurologia #Parkinson #Alzheimer #Huntington #ELA #EsclerosisMultiple #Neurodegenerativas<\/p>\n","protected":false},"excerpt":{"rendered":"<p>\ud83e\udde0 JORNADA DEL PACIENTE: MESA REDONDA Dentro de la LXXV Reuni\u00f3n Anual de la Sociedad Espa\u00f1ola de Neurolog\u00eda (SEN) que se celebra este a\u00f1o en Valencia, participamos a trav\u00e9s de la Plataforma Neurodegenerativas CV en la Jornada #RASEN23: &#8216;Encuentro de Asociaciones&#8217;, el pr\u00f3ximo viernes 3 de noviembre. La Mesa Redonda [&hellip;]<\/p>\n","protected":false},"author":1,"featured_media":2490,"comment_status":"open","ping_status":"open","sticky":false,"template":"","format":"standard","meta":{"footnotes":""},"categories":[1],"tags":[7,6,4,9,5,58,592,8,674,675],"class_list":["post-2489","post","type-post","status-publish","format-standard","has-post-thumbnail","hentry","category-sin-categoria","tag-asociacion-valenciana-de-enfermedad-de-huntington","tag-avaeh","tag-enfermedad-de-huntington","tag-enfermedades-raras","tag-huntingtons-disease","tag-neurodegenerativa","tag-plataforma-neurodegenerativas-cv","tag-rare-diseases","tag-sen","tag-sociedad-espanola-de-neurologia"],"_links":{"self":[{"href":"https:\/\/avaeh.org\/web_nueva_2021\/wp-json\/wp\/v2\/posts\/2489","targetHints":{"allow":["GET"]}}],"collection":[{"href":"https:\/\/avaeh.org\/web_nueva_2021\/wp-json\/wp\/v2\/posts"}],"about":[{"href":"https:\/\/avaeh.org\/web_nueva_2021\/wp-json\/wp\/v2\/types\/post"}],"author":[{"embeddable":true,"href":"https:\/\/avaeh.org\/web_nueva_2021\/wp-json\/wp\/v2\/users\/1"}],"replies":[{"embeddable":true,"href":"https:\/\/avaeh.org\/web_nueva_2021\/wp-json\/wp\/v2\/comments?post=2489"}],"version-history":[{"count":1,"href":"https:\/\/avaeh.org\/web_nueva_2021\/wp-json\/wp\/v2\/posts\/2489\/revisions"}],"predecessor-version":[{"id":2491,"href":"https:\/\/avaeh.org\/web_nueva_2021\/wp-json\/wp\/v2\/posts\/2489\/revisions\/2491"}],"wp:featuredmedia":[{"embeddable":true,"href":"https:\/\/avaeh.org\/web_nueva_2021\/wp-json\/wp\/v2\/media\/2490"}],"wp:attachment":[{"href":"https:\/\/avaeh.org\/web_nueva_2021\/wp-json\/wp\/v2\/media?parent=2489"}],"wp:term":[{"taxonomy":"category","embeddable":true,"href":"https:\/\/avaeh.org\/web_nueva_2021\/wp-json\/wp\/v2\/categories?post=2489"},{"taxonomy":"post_tag","embeddable":true,"href":"https:\/\/avaeh.org\/web_nueva_2021\/wp-json\/wp\/v2\/tags?post=2489"}],"curies":[{"name":"wp","href":"https:\/\/api.w.org\/{rel}","templated":true}]}}