{"id":2420,"date":"2023-10-04T07:46:26","date_gmt":"2023-10-04T07:46:26","guid":{"rendered":"https:\/\/avaeh.org\/web_nueva_2021\/?p=2420"},"modified":"2023-10-04T07:46:27","modified_gmt":"2023-10-04T07:46:27","slug":"reunio-casa-de-la-dona-elx-i-avaeh","status":"publish","type":"post","link":"https:\/\/avaeh.org\/web_nueva_2021\/2023\/10\/04\/reunio-casa-de-la-dona-elx-i-avaeh\/","title":{"rendered":"Reuni\u00f3 Casa de la Dona Elx i AVAEH"},"content":{"rendered":"\n<p>Una representaci\u00f3 del col\u00b7lectiu valenci\u00e0 de Huntington vam tindre ahir l&#8217;oportunitat de con\u00e8ixer a l&#8217;equip de treball de la Casa de la Dona d&#8217;Elx. <\/p>\n\n\n\n<p>Vam sensibilitzar sobre la situaci\u00f3 de les dones cuidadores i la c\u00e0rrega que aquestes suposen quan aquestes cures no s\u00f3n compartides i acompanyades.<\/p>\n\n\n\n<figure class=\"wp-block-image size-large\"><img loading=\"lazy\" decoding=\"async\" width=\"1024\" height=\"447\" src=\"https:\/\/avaeh.org\/web_nueva_2021\/wp-content\/uploads\/2023\/10\/Casa-de-la-Dona-Elx-1024x447.jpeg\" alt=\"\" class=\"wp-image-2421\" srcset=\"https:\/\/avaeh.org\/web_nueva_2021\/wp-content\/uploads\/2023\/10\/Casa-de-la-Dona-Elx-1024x447.jpeg 1024w, https:\/\/avaeh.org\/web_nueva_2021\/wp-content\/uploads\/2023\/10\/Casa-de-la-Dona-Elx-300x131.jpeg 300w, https:\/\/avaeh.org\/web_nueva_2021\/wp-content\/uploads\/2023\/10\/Casa-de-la-Dona-Elx-768x335.jpeg 768w, https:\/\/avaeh.org\/web_nueva_2021\/wp-content\/uploads\/2023\/10\/Casa-de-la-Dona-Elx-1536x670.jpeg 1536w, https:\/\/avaeh.org\/web_nueva_2021\/wp-content\/uploads\/2023\/10\/Casa-de-la-Dona-Elx.jpeg 2040w\" sizes=\"auto, (max-width: 1024px) 100vw, 1024px\" \/><\/figure>\n","protected":false},"excerpt":{"rendered":"<p>Una representaci\u00f3 del col\u00b7lectiu valenci\u00e0 de Huntington vam tindre ahir l&#8217;oportunitat de con\u00e8ixer a l&#8217;equip de treball de la Casa de la Dona d&#8217;Elx. Vam sensibilitzar sobre la situaci\u00f3 de les dones cuidadores i la c\u00e0rrega que aquestes suposen quan aquestes cures no s\u00f3n compartides i acompanyades.<\/p>\n","protected":false},"author":1,"featured_media":2421,"comment_status":"open","ping_status":"open","sticky":false,"template":"","format":"standard","meta":{"footnotes":""},"categories":[1],"tags":[7,6,656,203,4,9,410,5,657,58,8],"class_list":["post-2420","post","type-post","status-publish","format-standard","has-post-thumbnail","hentry","category-sin-categoria","tag-asociacion-valenciana-de-enfermedad-de-huntington","tag-avaeh","tag-casa-de-la-dona-elx","tag-elx","tag-enfermedad-de-huntington","tag-enfermedades-raras","tag-gva-inclusio","tag-huntingtons-disease","tag-igualtat","tag-neurodegenerativa","tag-rare-diseases"],"_links":{"self":[{"href":"https:\/\/avaeh.org\/web_nueva_2021\/wp-json\/wp\/v2\/posts\/2420","targetHints":{"allow":["GET"]}}],"collection":[{"href":"https:\/\/avaeh.org\/web_nueva_2021\/wp-json\/wp\/v2\/posts"}],"about":[{"href":"https:\/\/avaeh.org\/web_nueva_2021\/wp-json\/wp\/v2\/types\/post"}],"author":[{"embeddable":true,"href":"https:\/\/avaeh.org\/web_nueva_2021\/wp-json\/wp\/v2\/users\/1"}],"replies":[{"embeddable":true,"href":"https:\/\/avaeh.org\/web_nueva_2021\/wp-json\/wp\/v2\/comments?post=2420"}],"version-history":[{"count":1,"href":"https:\/\/avaeh.org\/web_nueva_2021\/wp-json\/wp\/v2\/posts\/2420\/revisions"}],"predecessor-version":[{"id":2422,"href":"https:\/\/avaeh.org\/web_nueva_2021\/wp-json\/wp\/v2\/posts\/2420\/revisions\/2422"}],"wp:featuredmedia":[{"embeddable":true,"href":"https:\/\/avaeh.org\/web_nueva_2021\/wp-json\/wp\/v2\/media\/2421"}],"wp:attachment":[{"href":"https:\/\/avaeh.org\/web_nueva_2021\/wp-json\/wp\/v2\/media?parent=2420"}],"wp:term":[{"taxonomy":"category","embeddable":true,"href":"https:\/\/avaeh.org\/web_nueva_2021\/wp-json\/wp\/v2\/categories?post=2420"},{"taxonomy":"post_tag","embeddable":true,"href":"https:\/\/avaeh.org\/web_nueva_2021\/wp-json\/wp\/v2\/tags?post=2420"}],"curies":[{"name":"wp","href":"https:\/\/api.w.org\/{rel}","templated":true}]}}