{"id":2336,"date":"2023-09-12T08:14:18","date_gmt":"2023-09-12T08:14:18","guid":{"rendered":"https:\/\/avaeh.org\/web_nueva_2021\/?p=2336"},"modified":"2023-09-12T08:14:19","modified_gmt":"2023-09-12T08:14:19","slug":"tornem-amb-el-taller-grupal-de-logopedia","status":"publish","type":"post","link":"https:\/\/avaeh.org\/web_nueva_2021\/2023\/09\/12\/tornem-amb-el-taller-grupal-de-logopedia\/","title":{"rendered":"Tornem amb el taller grupal de Logop\u00e8dia"},"content":{"rendered":"\n<p>Despr\u00e9s d&#8217;un descanset, ja estem per ac\u00ed amb el grup de logop\u00e8dia. Amb les nostres companyes de NeuroLl\u00e1cer.<\/p>\n\n\n\n<figure class=\"wp-block-image size-large\"><img loading=\"lazy\" decoding=\"async\" width=\"1024\" height=\"724\" src=\"https:\/\/avaeh.org\/web_nueva_2021\/wp-content\/uploads\/2023\/09\/Logopedia-AVAEH-11-setembre-2023-1024x724.jpg\" alt=\"\" class=\"wp-image-2337\" srcset=\"https:\/\/avaeh.org\/web_nueva_2021\/wp-content\/uploads\/2023\/09\/Logopedia-AVAEH-11-setembre-2023-1024x724.jpg 1024w, https:\/\/avaeh.org\/web_nueva_2021\/wp-content\/uploads\/2023\/09\/Logopedia-AVAEH-11-setembre-2023-300x212.jpg 300w, https:\/\/avaeh.org\/web_nueva_2021\/wp-content\/uploads\/2023\/09\/Logopedia-AVAEH-11-setembre-2023-768x543.jpg 768w, https:\/\/avaeh.org\/web_nueva_2021\/wp-content\/uploads\/2023\/09\/Logopedia-AVAEH-11-setembre-2023-1536x1086.jpg 1536w, https:\/\/avaeh.org\/web_nueva_2021\/wp-content\/uploads\/2023\/09\/Logopedia-AVAEH-11-setembre-2023-2048x1448.jpg 2048w\" sizes=\"auto, (max-width: 1024px) 100vw, 1024px\" \/><\/figure>\n","protected":false},"excerpt":{"rendered":"<p>Despr\u00e9s d&#8217;un descanset, ja estem per ac\u00ed amb el grup de logop\u00e8dia. Amb les nostres companyes de NeuroLl\u00e1cer.<\/p>\n","protected":false},"author":1,"featured_media":2337,"comment_status":"open","ping_status":"open","sticky":false,"template":"","format":"standard","meta":{"footnotes":""},"categories":[1],"tags":[7,6,4,9,410,5,19,58,404,8],"class_list":["post-2336","post","type-post","status-publish","format-standard","has-post-thumbnail","hentry","category-sin-categoria","tag-asociacion-valenciana-de-enfermedad-de-huntington","tag-avaeh","tag-enfermedad-de-huntington","tag-enfermedades-raras","tag-gva-inclusio","tag-huntingtons-disease","tag-logopedia","tag-neurodegenerativa","tag-neurollacer","tag-rare-diseases"],"_links":{"self":[{"href":"https:\/\/avaeh.org\/web_nueva_2021\/wp-json\/wp\/v2\/posts\/2336","targetHints":{"allow":["GET"]}}],"collection":[{"href":"https:\/\/avaeh.org\/web_nueva_2021\/wp-json\/wp\/v2\/posts"}],"about":[{"href":"https:\/\/avaeh.org\/web_nueva_2021\/wp-json\/wp\/v2\/types\/post"}],"author":[{"embeddable":true,"href":"https:\/\/avaeh.org\/web_nueva_2021\/wp-json\/wp\/v2\/users\/1"}],"replies":[{"embeddable":true,"href":"https:\/\/avaeh.org\/web_nueva_2021\/wp-json\/wp\/v2\/comments?post=2336"}],"version-history":[{"count":1,"href":"https:\/\/avaeh.org\/web_nueva_2021\/wp-json\/wp\/v2\/posts\/2336\/revisions"}],"predecessor-version":[{"id":2338,"href":"https:\/\/avaeh.org\/web_nueva_2021\/wp-json\/wp\/v2\/posts\/2336\/revisions\/2338"}],"wp:featuredmedia":[{"embeddable":true,"href":"https:\/\/avaeh.org\/web_nueva_2021\/wp-json\/wp\/v2\/media\/2337"}],"wp:attachment":[{"href":"https:\/\/avaeh.org\/web_nueva_2021\/wp-json\/wp\/v2\/media?parent=2336"}],"wp:term":[{"taxonomy":"category","embeddable":true,"href":"https:\/\/avaeh.org\/web_nueva_2021\/wp-json\/wp\/v2\/categories?post=2336"},{"taxonomy":"post_tag","embeddable":true,"href":"https:\/\/avaeh.org\/web_nueva_2021\/wp-json\/wp\/v2\/tags?post=2336"}],"curies":[{"name":"wp","href":"https:\/\/api.w.org\/{rel}","templated":true}]}}