{"id":2296,"date":"2023-07-28T09:18:41","date_gmt":"2023-07-28T09:18:41","guid":{"rendered":"https:\/\/avaeh.org\/web_nueva_2021\/?p=2296"},"modified":"2023-07-28T09:18:42","modified_gmt":"2023-07-28T09:18:42","slug":"programa-formacio-contra-la-discriminacio-en-malaltia-de-huntington","status":"publish","type":"post","link":"https:\/\/avaeh.org\/web_nueva_2021\/2023\/07\/28\/programa-formacio-contra-la-discriminacio-en-malaltia-de-huntington\/","title":{"rendered":"Programa Formaci\u00f3 Contra la Discriminaci\u00f3 en Malaltia de Huntington"},"content":{"rendered":"\n<figure class=\"wp-block-image size-large\"><img loading=\"lazy\" decoding=\"async\" width=\"1024\" height=\"724\" src=\"https:\/\/avaeh.org\/web_nueva_2021\/wp-content\/uploads\/2023\/07\/Cartell-oficial-programa-formacio-no-discriminacio-AVAEH-1024x724.jpg\" alt=\"\" class=\"wp-image-2278\" srcset=\"https:\/\/avaeh.org\/web_nueva_2021\/wp-content\/uploads\/2023\/07\/Cartell-oficial-programa-formacio-no-discriminacio-AVAEH-1024x724.jpg 1024w, https:\/\/avaeh.org\/web_nueva_2021\/wp-content\/uploads\/2023\/07\/Cartell-oficial-programa-formacio-no-discriminacio-AVAEH-300x212.jpg 300w, https:\/\/avaeh.org\/web_nueva_2021\/wp-content\/uploads\/2023\/07\/Cartell-oficial-programa-formacio-no-discriminacio-AVAEH-768x543.jpg 768w, https:\/\/avaeh.org\/web_nueva_2021\/wp-content\/uploads\/2023\/07\/Cartell-oficial-programa-formacio-no-discriminacio-AVAEH-1536x1086.jpg 1536w, https:\/\/avaeh.org\/web_nueva_2021\/wp-content\/uploads\/2023\/07\/Cartell-oficial-programa-formacio-no-discriminacio-AVAEH-2048x1448.jpg 2048w\" sizes=\"auto, (max-width: 1024px) 100vw, 1024px\" \/><\/figure>\n\n\n\n<p>Des d&#8217;AVAEH vos volem presentar el nostre programa Formaci\u00f3 Contra la Discriminaci\u00f3 en Malaltia de Huntington. Les persones que formem la comunitat Huntington som v\u00edctimes de discriminaci\u00f3 i estigmatitzaci\u00f3 degut al desconeixement de la patologia. <\/p>\n\n\n\n<p>Formant a equips professionals d&#8217;atenci\u00f3 social i sanit\u00e0ria, aix\u00ed com a centres educatius, aconseguim que es conega la nostra situaci\u00f3 amb l&#8217;objectiu de promoure comprensi\u00f3, empatia i visibilitat.<\/p>\n\n\n\n<p>Amb el suport de la Conselleria d\u2019Igualtat i Pol\u00edtiques Inclusives de la GVA.<\/p>\n\n\n\n<p><\/p>\n","protected":false},"excerpt":{"rendered":"<p>Des d&#8217;AVAEH vos volem presentar el nostre programa Formaci\u00f3 Contra la Discriminaci\u00f3 en Malaltia de Huntington. Les persones que formem la comunitat Huntington som v\u00edctimes de discriminaci\u00f3 i estigmatitzaci\u00f3 degut al desconeixement de la patologia. Formant a equips professionals d&#8217;atenci\u00f3 social i sanit\u00e0ria, aix\u00ed com a centres educatius, aconseguim que [&hellip;]<\/p>\n","protected":false},"author":1,"featured_media":2278,"comment_status":"open","ping_status":"open","sticky":false,"template":"","format":"standard","meta":{"footnotes":""},"categories":[1],"tags":[7,6,644,4,9,643,410,5,58,8],"class_list":["post-2296","post","type-post","status-publish","format-standard","has-post-thumbnail","hentry","category-sin-categoria","tag-asociacion-valenciana-de-enfermedad-de-huntington","tag-avaeh","tag-conselleria-digualtat-i-politiqiues-inclusives","tag-enfermedad-de-huntington","tag-enfermedades-raras","tag-formacion-huntington","tag-gva-inclusio","tag-huntingtons-disease","tag-neurodegenerativa","tag-rare-diseases"],"_links":{"self":[{"href":"https:\/\/avaeh.org\/web_nueva_2021\/wp-json\/wp\/v2\/posts\/2296","targetHints":{"allow":["GET"]}}],"collection":[{"href":"https:\/\/avaeh.org\/web_nueva_2021\/wp-json\/wp\/v2\/posts"}],"about":[{"href":"https:\/\/avaeh.org\/web_nueva_2021\/wp-json\/wp\/v2\/types\/post"}],"author":[{"embeddable":true,"href":"https:\/\/avaeh.org\/web_nueva_2021\/wp-json\/wp\/v2\/users\/1"}],"replies":[{"embeddable":true,"href":"https:\/\/avaeh.org\/web_nueva_2021\/wp-json\/wp\/v2\/comments?post=2296"}],"version-history":[{"count":1,"href":"https:\/\/avaeh.org\/web_nueva_2021\/wp-json\/wp\/v2\/posts\/2296\/revisions"}],"predecessor-version":[{"id":2297,"href":"https:\/\/avaeh.org\/web_nueva_2021\/wp-json\/wp\/v2\/posts\/2296\/revisions\/2297"}],"wp:featuredmedia":[{"embeddable":true,"href":"https:\/\/avaeh.org\/web_nueva_2021\/wp-json\/wp\/v2\/media\/2278"}],"wp:attachment":[{"href":"https:\/\/avaeh.org\/web_nueva_2021\/wp-json\/wp\/v2\/media?parent=2296"}],"wp:term":[{"taxonomy":"category","embeddable":true,"href":"https:\/\/avaeh.org\/web_nueva_2021\/wp-json\/wp\/v2\/categories?post=2296"},{"taxonomy":"post_tag","embeddable":true,"href":"https:\/\/avaeh.org\/web_nueva_2021\/wp-json\/wp\/v2\/tags?post=2296"}],"curies":[{"name":"wp","href":"https:\/\/api.w.org\/{rel}","templated":true}]}}