{"id":2283,"date":"2023-07-25T09:27:10","date_gmt":"2023-07-25T09:27:10","guid":{"rendered":"https:\/\/avaeh.org\/web_nueva_2021\/?p=2283"},"modified":"2023-07-25T09:27:10","modified_gmt":"2023-07-25T09:27:10","slug":"programa-dones-cures-i-violencia-involuntaria-%c2%b7-avaeh","status":"publish","type":"post","link":"https:\/\/avaeh.org\/web_nueva_2021\/2023\/07\/25\/programa-dones-cures-i-violencia-involuntaria-%c2%b7-avaeh\/","title":{"rendered":"Programa Dones, cures i viol\u00e8ncia involunt\u00e0ria \u00b7 AVAEH"},"content":{"rendered":"\n<figure class=\"wp-block-image size-large\"><img decoding=\"async\" src=\"https:\/\/avaeh.org\/web_nueva_2021\/wp-content\/uploads\/2023\/07\/Cartell-oficial-programa-dones-vulnerables-AVAEH-2-1-1024x724.jpg\" alt=\"\" class=\"wp-image-2284\"\/><\/figure>\n\n\n\n<p>AVAEH volem informar del recolzament de l&#8217;Insitut de les Dones de la Conselleria d&#8217;Igualtat i Pol\u00edtiques Inclusives al nostre programa Dones, cures i viol\u00e8ncia involunt\u00e0ria. <\/p>\n\n\n\n<p>L&#8217;objectiu del programa \u00e9s poder oferir a les dones cuidadores una atenci\u00f3 social i psicol\u00f2gica que les ajude a portar de la millor manera possible la conviv\u00e8ncia amb aquesta malaltia.<\/p>\n\n\n\n<p>Gr\u00e0cies a la GVA per posar en valor els nostres serveis. <\/p>\n","protected":false},"excerpt":{"rendered":"<p>AVAEH volem informar del recolzament de l&#8217;Insitut de les Dones de la Conselleria d&#8217;Igualtat i Pol\u00edtiques Inclusives al nostre programa Dones, cures i viol\u00e8ncia involunt\u00e0ria. L&#8217;objectiu del programa \u00e9s poder oferir a les dones cuidadores una atenci\u00f3 social i psicol\u00f2gica que les ajude a portar de la millor manera possible [&hellip;]<\/p>\n","protected":false},"author":1,"featured_media":2274,"comment_status":"open","ping_status":"open","sticky":false,"template":"","format":"standard","meta":{"footnotes":""},"categories":[1],"tags":[7,6,354,640,641,4,9,410,5,58,8],"class_list":["post-2283","post","type-post","status-publish","format-standard","has-post-thumbnail","hentry","category-sin-categoria","tag-asociacion-valenciana-de-enfermedad-de-huntington","tag-avaeh","tag-cuidados-huntington","tag-dones-i-cures","tag-dones-i-huntington","tag-enfermedad-de-huntington","tag-enfermedades-raras","tag-gva-inclusio","tag-huntingtons-disease","tag-neurodegenerativa","tag-rare-diseases"],"_links":{"self":[{"href":"https:\/\/avaeh.org\/web_nueva_2021\/wp-json\/wp\/v2\/posts\/2283","targetHints":{"allow":["GET"]}}],"collection":[{"href":"https:\/\/avaeh.org\/web_nueva_2021\/wp-json\/wp\/v2\/posts"}],"about":[{"href":"https:\/\/avaeh.org\/web_nueva_2021\/wp-json\/wp\/v2\/types\/post"}],"author":[{"embeddable":true,"href":"https:\/\/avaeh.org\/web_nueva_2021\/wp-json\/wp\/v2\/users\/1"}],"replies":[{"embeddable":true,"href":"https:\/\/avaeh.org\/web_nueva_2021\/wp-json\/wp\/v2\/comments?post=2283"}],"version-history":[{"count":1,"href":"https:\/\/avaeh.org\/web_nueva_2021\/wp-json\/wp\/v2\/posts\/2283\/revisions"}],"predecessor-version":[{"id":2285,"href":"https:\/\/avaeh.org\/web_nueva_2021\/wp-json\/wp\/v2\/posts\/2283\/revisions\/2285"}],"wp:featuredmedia":[{"embeddable":true,"href":"https:\/\/avaeh.org\/web_nueva_2021\/wp-json\/wp\/v2\/media\/2274"}],"wp:attachment":[{"href":"https:\/\/avaeh.org\/web_nueva_2021\/wp-json\/wp\/v2\/media?parent=2283"}],"wp:term":[{"taxonomy":"category","embeddable":true,"href":"https:\/\/avaeh.org\/web_nueva_2021\/wp-json\/wp\/v2\/categories?post=2283"},{"taxonomy":"post_tag","embeddable":true,"href":"https:\/\/avaeh.org\/web_nueva_2021\/wp-json\/wp\/v2\/tags?post=2283"}],"curies":[{"name":"wp","href":"https:\/\/api.w.org\/{rel}","templated":true}]}}