{"id":2209,"date":"2023-06-14T11:45:01","date_gmt":"2023-06-14T11:45:01","guid":{"rendered":"https:\/\/avaeh.org\/web_nueva_2021\/?p=2209"},"modified":"2023-06-14T11:45:01","modified_gmt":"2023-06-14T11:45:01","slug":"xi-jornada-del-pacient-hospital-general-universitari-valencia","status":"publish","type":"post","link":"https:\/\/avaeh.org\/web_nueva_2021\/2023\/06\/14\/xi-jornada-del-pacient-hospital-general-universitari-valencia\/","title":{"rendered":"XI Jornada del Pacient Hospital General Universitari Val\u00e8ncia"},"content":{"rendered":"\n<p>AVAEH som una de les m\u00e9s de 30 associacions que participem hui a la XI Jornada del Pacient organitzada per l&#8217;Hospital General Universitari de Val\u00e8ncia. <\/p>\n\n\n\n<p>Sota el lema \u00abDesafiaments sanitaris i implicaci\u00f3 de pacients i ciutadania\u00bb, AVAEH volem donar a con\u00e8ixer la situaci\u00f3 de les families valencianes afectades per la Malaltia de Huntington i mostrar el nostre comprom\u00eds de participaci\u00f3 i col\u00b7laboraci\u00f3 amb els centres sanitaris i d&#8217;investigaci\u00f3. <\/p>\n\n\n\n<figure class=\"wp-block-image size-large\"><img loading=\"lazy\" decoding=\"async\" width=\"1024\" height=\"768\" src=\"https:\/\/avaeh.org\/web_nueva_2021\/wp-content\/uploads\/2023\/06\/WhatsApp-Image-2023-06-14-at-10.41.08-1024x768.jpeg\" alt=\"\" class=\"wp-image-2210\" srcset=\"https:\/\/avaeh.org\/web_nueva_2021\/wp-content\/uploads\/2023\/06\/WhatsApp-Image-2023-06-14-at-10.41.08-1024x768.jpeg 1024w, https:\/\/avaeh.org\/web_nueva_2021\/wp-content\/uploads\/2023\/06\/WhatsApp-Image-2023-06-14-at-10.41.08-300x225.jpeg 300w, https:\/\/avaeh.org\/web_nueva_2021\/wp-content\/uploads\/2023\/06\/WhatsApp-Image-2023-06-14-at-10.41.08-768x576.jpeg 768w, https:\/\/avaeh.org\/web_nueva_2021\/wp-content\/uploads\/2023\/06\/WhatsApp-Image-2023-06-14-at-10.41.08-1536x1152.jpeg 1536w, https:\/\/avaeh.org\/web_nueva_2021\/wp-content\/uploads\/2023\/06\/WhatsApp-Image-2023-06-14-at-10.41.08.jpeg 1600w\" sizes=\"auto, (max-width: 1024px) 100vw, 1024px\" \/><\/figure>\n\n\n\n<figure class=\"wp-block-image size-large\"><img loading=\"lazy\" decoding=\"async\" width=\"768\" height=\"1024\" src=\"https:\/\/avaeh.org\/web_nueva_2021\/wp-content\/uploads\/2023\/06\/WhatsApp-Image-2023-06-14-at-10.56.50-768x1024.jpeg\" alt=\"\" class=\"wp-image-2211\" srcset=\"https:\/\/avaeh.org\/web_nueva_2021\/wp-content\/uploads\/2023\/06\/WhatsApp-Image-2023-06-14-at-10.56.50-768x1024.jpeg 768w, https:\/\/avaeh.org\/web_nueva_2021\/wp-content\/uploads\/2023\/06\/WhatsApp-Image-2023-06-14-at-10.56.50-225x300.jpeg 225w, https:\/\/avaeh.org\/web_nueva_2021\/wp-content\/uploads\/2023\/06\/WhatsApp-Image-2023-06-14-at-10.56.50-1152x1536.jpeg 1152w, https:\/\/avaeh.org\/web_nueva_2021\/wp-content\/uploads\/2023\/06\/WhatsApp-Image-2023-06-14-at-10.56.50.jpeg 1200w\" sizes=\"auto, (max-width: 768px) 100vw, 768px\" \/><\/figure>\n\n\n\n<figure class=\"wp-block-image size-large\"><img loading=\"lazy\" decoding=\"async\" width=\"768\" height=\"1024\" src=\"https:\/\/avaeh.org\/web_nueva_2021\/wp-content\/uploads\/2023\/06\/WhatsApp-Image-2023-06-14-at-11.46.44-768x1024.jpeg\" alt=\"\" class=\"wp-image-2212\" srcset=\"https:\/\/avaeh.org\/web_nueva_2021\/wp-content\/uploads\/2023\/06\/WhatsApp-Image-2023-06-14-at-11.46.44-768x1024.jpeg 768w, https:\/\/avaeh.org\/web_nueva_2021\/wp-content\/uploads\/2023\/06\/WhatsApp-Image-2023-06-14-at-11.46.44-225x300.jpeg 225w, https:\/\/avaeh.org\/web_nueva_2021\/wp-content\/uploads\/2023\/06\/WhatsApp-Image-2023-06-14-at-11.46.44-1152x1536.jpeg 1152w, https:\/\/avaeh.org\/web_nueva_2021\/wp-content\/uploads\/2023\/06\/WhatsApp-Image-2023-06-14-at-11.46.44.jpeg 1200w\" sizes=\"auto, (max-width: 768px) 100vw, 768px\" \/><\/figure>\n","protected":false},"excerpt":{"rendered":"<p>AVAEH som una de les m\u00e9s de 30 associacions que participem hui a la XI Jornada del Pacient organitzada per l&#8217;Hospital General Universitari de Val\u00e8ncia. Sota el lema \u00abDesafiaments sanitaris i implicaci\u00f3 de pacients i ciutadania\u00bb, AVAEH volem donar a con\u00e8ixer la situaci\u00f3 de les families valencianes afectades per la [&hellip;]<\/p>\n","protected":false},"author":1,"featured_media":2210,"comment_status":"open","ping_status":"open","sticky":false,"template":"","format":"standard","meta":{"footnotes":""},"categories":[1],"tags":[7,6,4,9,410,616,5,58,8,617],"class_list":["post-2209","post","type-post","status-publish","format-standard","has-post-thumbnail","hentry","category-sin-categoria","tag-asociacion-valenciana-de-enfermedad-de-huntington","tag-avaeh","tag-enfermedad-de-huntington","tag-enfermedades-raras","tag-gva-inclusio","tag-hospital-general-valencia","tag-huntingtons-disease","tag-neurodegenerativa","tag-rare-diseases","tag-xi-jornada-del-paciente"],"_links":{"self":[{"href":"https:\/\/avaeh.org\/web_nueva_2021\/wp-json\/wp\/v2\/posts\/2209","targetHints":{"allow":["GET"]}}],"collection":[{"href":"https:\/\/avaeh.org\/web_nueva_2021\/wp-json\/wp\/v2\/posts"}],"about":[{"href":"https:\/\/avaeh.org\/web_nueva_2021\/wp-json\/wp\/v2\/types\/post"}],"author":[{"embeddable":true,"href":"https:\/\/avaeh.org\/web_nueva_2021\/wp-json\/wp\/v2\/users\/1"}],"replies":[{"embeddable":true,"href":"https:\/\/avaeh.org\/web_nueva_2021\/wp-json\/wp\/v2\/comments?post=2209"}],"version-history":[{"count":1,"href":"https:\/\/avaeh.org\/web_nueva_2021\/wp-json\/wp\/v2\/posts\/2209\/revisions"}],"predecessor-version":[{"id":2213,"href":"https:\/\/avaeh.org\/web_nueva_2021\/wp-json\/wp\/v2\/posts\/2209\/revisions\/2213"}],"wp:featuredmedia":[{"embeddable":true,"href":"https:\/\/avaeh.org\/web_nueva_2021\/wp-json\/wp\/v2\/media\/2210"}],"wp:attachment":[{"href":"https:\/\/avaeh.org\/web_nueva_2021\/wp-json\/wp\/v2\/media?parent=2209"}],"wp:term":[{"taxonomy":"category","embeddable":true,"href":"https:\/\/avaeh.org\/web_nueva_2021\/wp-json\/wp\/v2\/categories?post=2209"},{"taxonomy":"post_tag","embeddable":true,"href":"https:\/\/avaeh.org\/web_nueva_2021\/wp-json\/wp\/v2\/tags?post=2209"}],"curies":[{"name":"wp","href":"https:\/\/api.w.org\/{rel}","templated":true}]}}