{"id":2204,"date":"2023-06-13T14:29:38","date_gmt":"2023-06-13T14:29:38","guid":{"rendered":"https:\/\/avaeh.org\/web_nueva_2021\/?p=2204"},"modified":"2023-06-13T14:29:39","modified_gmt":"2023-06-13T14:29:39","slug":"la-comunitat-valenciana-registra-225-casos-de-personas-con-enfermedad-de-huntington-en-un-periodo-de-nueve-anos","status":"publish","type":"post","link":"https:\/\/avaeh.org\/web_nueva_2021\/2023\/06\/13\/la-comunitat-valenciana-registra-225-casos-de-personas-con-enfermedad-de-huntington-en-un-periodo-de-nueve-anos\/","title":{"rendered":"La Comunitat Valenciana registra 225 casos de personas con Enfermedad de Huntington en un periodo de nueve a\u00f1os"},"content":{"rendered":"\n<p><a href=\"https:\/\/www.europapress.es\/comunitat-valenciana\/noticia-comunitat-valenciana-registra-225-casos-personas-enfermedad-huntington-periodo-nueve-anos-20230612114545.html\" target=\"_blank\" rel=\"noreferrer noopener\">Link a la noticia en Europa Press<\/a><\/p>\n\n\n\n<p>\u00abLa Comunitat Valenciana registra 225 casos de personas con Enfermedad de Huntington en un periodo de nueve a\u00f1os<\/p>\n\n\n\n<p><br>Un estudio epidemiol\u00f3gico transversal llevado a cabo por personal investigador de la Unidad Mixta de Investigaci\u00f3n en Enfermedades Raras de Fisabio-Universitat de Val\u00e8ncia y del CIBER de Epidemiolog\u00eda y Salud P\u00fablica muestra que se identificaron 225 personas con Enfermedad de Huntington en la Comunitat Valenciana en un periodo de nueve a\u00f1os, con una media en la edad de diagn\u00f3stico situada en los 54.\u00bb<\/p>\n\n\n\n<figure class=\"wp-block-image size-full\"><img loading=\"lazy\" decoding=\"async\" width=\"636\" height=\"438\" src=\"https:\/\/avaeh.org\/web_nueva_2021\/wp-content\/uploads\/2023\/06\/image-1.png\" alt=\"\" class=\"wp-image-2205\" srcset=\"https:\/\/avaeh.org\/web_nueva_2021\/wp-content\/uploads\/2023\/06\/image-1.png 636w, https:\/\/avaeh.org\/web_nueva_2021\/wp-content\/uploads\/2023\/06\/image-1-300x207.png 300w\" sizes=\"auto, (max-width: 636px) 100vw, 636px\" \/><\/figure>\n","protected":false},"excerpt":{"rendered":"<p>Link a la noticia en Europa Press \u00abLa Comunitat Valenciana registra 225 casos de personas con Enfermedad de Huntington en un periodo de nueve a\u00f1os Un estudio epidemiol\u00f3gico transversal llevado a cabo por personal investigador de la Unidad Mixta de Investigaci\u00f3n en Enfermedades Raras de Fisabio-Universitat de Val\u00e8ncia y del [&hellip;]<\/p>\n","protected":false},"author":1,"featured_media":2205,"comment_status":"open","ping_status":"open","sticky":false,"template":"","format":"standard","meta":{"footnotes":""},"categories":[1],"tags":[7,6,4,9,615,410,5,58,8],"class_list":["post-2204","post","type-post","status-publish","format-standard","has-post-thumbnail","hentry","category-sin-categoria","tag-asociacion-valenciana-de-enfermedad-de-huntington","tag-avaeh","tag-enfermedad-de-huntington","tag-enfermedades-raras","tag-fisabio","tag-gva-inclusio","tag-huntingtons-disease","tag-neurodegenerativa","tag-rare-diseases"],"_links":{"self":[{"href":"https:\/\/avaeh.org\/web_nueva_2021\/wp-json\/wp\/v2\/posts\/2204","targetHints":{"allow":["GET"]}}],"collection":[{"href":"https:\/\/avaeh.org\/web_nueva_2021\/wp-json\/wp\/v2\/posts"}],"about":[{"href":"https:\/\/avaeh.org\/web_nueva_2021\/wp-json\/wp\/v2\/types\/post"}],"author":[{"embeddable":true,"href":"https:\/\/avaeh.org\/web_nueva_2021\/wp-json\/wp\/v2\/users\/1"}],"replies":[{"embeddable":true,"href":"https:\/\/avaeh.org\/web_nueva_2021\/wp-json\/wp\/v2\/comments?post=2204"}],"version-history":[{"count":1,"href":"https:\/\/avaeh.org\/web_nueva_2021\/wp-json\/wp\/v2\/posts\/2204\/revisions"}],"predecessor-version":[{"id":2206,"href":"https:\/\/avaeh.org\/web_nueva_2021\/wp-json\/wp\/v2\/posts\/2204\/revisions\/2206"}],"wp:featuredmedia":[{"embeddable":true,"href":"https:\/\/avaeh.org\/web_nueva_2021\/wp-json\/wp\/v2\/media\/2205"}],"wp:attachment":[{"href":"https:\/\/avaeh.org\/web_nueva_2021\/wp-json\/wp\/v2\/media?parent=2204"}],"wp:term":[{"taxonomy":"category","embeddable":true,"href":"https:\/\/avaeh.org\/web_nueva_2021\/wp-json\/wp\/v2\/categories?post=2204"},{"taxonomy":"post_tag","embeddable":true,"href":"https:\/\/avaeh.org\/web_nueva_2021\/wp-json\/wp\/v2\/tags?post=2204"}],"curies":[{"name":"wp","href":"https:\/\/api.w.org\/{rel}","templated":true}]}}