{"id":2170,"date":"2023-05-31T08:43:53","date_gmt":"2023-05-31T08:43:53","guid":{"rendered":"https:\/\/avaeh.org\/web_nueva_2021\/?p=2170"},"modified":"2023-05-31T08:43:54","modified_gmt":"2023-05-31T08:43:54","slug":"video-c-elegan-iluminados-por-eh-%c2%b7-gracias-javier-lafuente","status":"publish","type":"post","link":"https:\/\/avaeh.org\/web_nueva_2021\/2023\/05\/31\/video-c-elegan-iluminados-por-eh-%c2%b7-gracias-javier-lafuente\/","title":{"rendered":"V\u00eddeo C. Elegan iluminados por EH \u00b7 gracias Javier Lafuente"},"content":{"rendered":"\n<p>En este v\u00eddeo podemos ver las im\u00e1genes de los C. Elegans con los que se investiga la Enfermedad de Huntington en el Institut d&#8217;Investigaci\u00f3 Sanit\u00e0ria La Fe.<\/p>\n\n\n\n<p>Se iluminan de azul y p\u00farpura por los colores de la EH, dentro del mes de mayo, mes de visibilizaci\u00f3n y concienciaci\u00f3n de nuestra enfermedad.<\/p>\n\n\n\n<p>Gracias <a href=\"https:\/\/www.facebook.com\/javier.lafuentetorralba\">Javier Lafuente Torralba<\/a> por crear el v\u00eddeo y compartirlo con AVAEH.<\/p>\n\n\n\n<p><a href=\"https:\/\/www.facebook.com\/hashtag\/lightitup4hd?__eep__=6&amp;__cft__[0]=AZVZLCwj_WVDQfU_MZxc02GRQPm-B9UinxZJA76Ez2t3ooWJp3uLyPhpoYcuMn3RtGtg1s5DLZx0fNGQeMlsDrmbXGXWqqLeI9tG-1ED1quf-qD68JeukIIgD9AlLQYFTyWl9a9n9WwifYPdq7PmujQ9qleu5Cw4X30qjqUzKe8ISA\">#LightItUp4HD<\/a><a href=\"https:\/\/www.facebook.com\/hashtag\/huntington2023?__eep__=6&amp;__cft__[0]=AZVZLCwj_WVDQfU_MZxc02GRQPm-B9UinxZJA76Ez2t3ooWJp3uLyPhpoYcuMn3RtGtg1s5DLZx0fNGQeMlsDrmbXGXWqqLeI9tG-1ED1quf-qD68JeukIIgD9AlLQYFTyWl9a9n9WwifYPdq7PmujQ9qleu5Cw4X30qjqUzKe8ISA\">#Huntington2023<\/a><\/p>\n\n\n\n<p><a href=\"https:\/\/youtu.be\/dOeiDCQ32dE\" target=\"_blank\" rel=\"noreferrer noopener\">LINK AL V\u00cdDEO<\/a><\/p>\n\n\n\n<figure class=\"wp-block-image size-large\"><img loading=\"lazy\" decoding=\"async\" width=\"1024\" height=\"1024\" src=\"https:\/\/avaeh.org\/web_nueva_2021\/wp-content\/uploads\/2023\/05\/WhatsApp-Image-2023-05-27-at-15.34.53-1024x1024.jpeg\" alt=\"\" class=\"wp-image-2171\" srcset=\"https:\/\/avaeh.org\/web_nueva_2021\/wp-content\/uploads\/2023\/05\/WhatsApp-Image-2023-05-27-at-15.34.53-1024x1024.jpeg 1024w, https:\/\/avaeh.org\/web_nueva_2021\/wp-content\/uploads\/2023\/05\/WhatsApp-Image-2023-05-27-at-15.34.53-300x300.jpeg 300w, https:\/\/avaeh.org\/web_nueva_2021\/wp-content\/uploads\/2023\/05\/WhatsApp-Image-2023-05-27-at-15.34.53-150x150.jpeg 150w, https:\/\/avaeh.org\/web_nueva_2021\/wp-content\/uploads\/2023\/05\/WhatsApp-Image-2023-05-27-at-15.34.53-768x768.jpeg 768w, https:\/\/avaeh.org\/web_nueva_2021\/wp-content\/uploads\/2023\/05\/WhatsApp-Image-2023-05-27-at-15.34.53.jpeg 1280w\" sizes=\"auto, (max-width: 1024px) 100vw, 1024px\" \/><\/figure>\n","protected":false},"excerpt":{"rendered":"<p>En este v\u00eddeo podemos ver las im\u00e1genes de los C. Elegans con los que se investiga la Enfermedad de Huntington en el Institut d&#8217;Investigaci\u00f3 Sanit\u00e0ria La Fe. Se iluminan de azul y p\u00farpura por los colores de la EH, dentro del mes de mayo, mes de visibilizaci\u00f3n y concienciaci\u00f3n de [&hellip;]<\/p>\n","protected":false},"author":1,"featured_media":2171,"comment_status":"open","ping_status":"open","sticky":false,"template":"","format":"standard","meta":{"footnotes":""},"categories":[1],"tags":[7,6,429,4,9,5,67,200,184,568,147,58,8],"class_list":["post-2170","post","type-post","status-publish","format-standard","has-post-thumbnail","hentry","category-sin-categoria","tag-asociacion-valenciana-de-enfermedad-de-huntington","tag-avaeh","tag-c-elegans","tag-enfermedad-de-huntington","tag-enfermedades-raras","tag-huntingtons-disease","tag-iis-la-fe","tag-illuminat-per-huntington-2","tag-iluminate-por-huntington-2","tag-light-it-up-4-hd-2023","tag-lightitup4hd","tag-neurodegenerativa","tag-rare-diseases"],"_links":{"self":[{"href":"https:\/\/avaeh.org\/web_nueva_2021\/wp-json\/wp\/v2\/posts\/2170","targetHints":{"allow":["GET"]}}],"collection":[{"href":"https:\/\/avaeh.org\/web_nueva_2021\/wp-json\/wp\/v2\/posts"}],"about":[{"href":"https:\/\/avaeh.org\/web_nueva_2021\/wp-json\/wp\/v2\/types\/post"}],"author":[{"embeddable":true,"href":"https:\/\/avaeh.org\/web_nueva_2021\/wp-json\/wp\/v2\/users\/1"}],"replies":[{"embeddable":true,"href":"https:\/\/avaeh.org\/web_nueva_2021\/wp-json\/wp\/v2\/comments?post=2170"}],"version-history":[{"count":1,"href":"https:\/\/avaeh.org\/web_nueva_2021\/wp-json\/wp\/v2\/posts\/2170\/revisions"}],"predecessor-version":[{"id":2172,"href":"https:\/\/avaeh.org\/web_nueva_2021\/wp-json\/wp\/v2\/posts\/2170\/revisions\/2172"}],"wp:featuredmedia":[{"embeddable":true,"href":"https:\/\/avaeh.org\/web_nueva_2021\/wp-json\/wp\/v2\/media\/2171"}],"wp:attachment":[{"href":"https:\/\/avaeh.org\/web_nueva_2021\/wp-json\/wp\/v2\/media?parent=2170"}],"wp:term":[{"taxonomy":"category","embeddable":true,"href":"https:\/\/avaeh.org\/web_nueva_2021\/wp-json\/wp\/v2\/categories?post=2170"},{"taxonomy":"post_tag","embeddable":true,"href":"https:\/\/avaeh.org\/web_nueva_2021\/wp-json\/wp\/v2\/tags?post=2170"}],"curies":[{"name":"wp","href":"https:\/\/api.w.org\/{rel}","templated":true}]}}