{"id":2091,"date":"2023-05-09T10:12:50","date_gmt":"2023-05-09T10:12:50","guid":{"rendered":"https:\/\/avaeh.org\/web_nueva_2021\/?p=2091"},"modified":"2023-05-09T10:12:50","modified_gmt":"2023-05-09T10:12:50","slug":"jornada-ciencia-participativa-isabial-%c2%b7-avaeh","status":"publish","type":"post","link":"https:\/\/avaeh.org\/web_nueva_2021\/2023\/05\/09\/jornada-ciencia-participativa-isabial-%c2%b7-avaeh\/","title":{"rendered":"Jornada Ciencia Participativa Isabial \u00b7 AVAEH"},"content":{"rendered":"\n<figure class=\"wp-block-image size-large\"><img loading=\"lazy\" decoding=\"async\" width=\"724\" height=\"1024\" src=\"https:\/\/avaeh.org\/web_nueva_2021\/wp-content\/uploads\/2023\/05\/cartell-jornada-724x1024.jpg\" alt=\"\" class=\"wp-image-2092\" srcset=\"https:\/\/avaeh.org\/web_nueva_2021\/wp-content\/uploads\/2023\/05\/cartell-jornada-724x1024.jpg 724w, https:\/\/avaeh.org\/web_nueva_2021\/wp-content\/uploads\/2023\/05\/cartell-jornada-212x300.jpg 212w, https:\/\/avaeh.org\/web_nueva_2021\/wp-content\/uploads\/2023\/05\/cartell-jornada.jpg 768w\" sizes=\"auto, (max-width: 724px) 100vw, 724px\" \/><\/figure>\n\n\n\n<p><strong>Promueven:&nbsp;<\/strong>El&nbsp;<strong>Instituto de Investigaci\u00f3n Sanitaria y Biom\u00e9dica de Alicante (ISABIAL)<\/strong>&nbsp;con la colaboraci\u00f3n de la&nbsp;<strong>Asociaci\u00f3n Valenciana de Enfermedad de Huntington (AVAEH)<\/strong>.<\/p>\n\n\n\n<p><strong>Dirigido a:<\/strong>&nbsp; &nbsp;&nbsp;<\/p>\n\n\n\n<ul class=\"wp-block-list\">\n<li>Pacientes y familiares&nbsp;<\/li>\n\n\n\n<li>Profesionales sanitarios&nbsp;<\/li>\n\n\n\n<li>Personal investigador<\/li>\n<\/ul>\n\n\n\n<p><strong>Formato:&nbsp;&nbsp;<\/strong>Presencial, con opci\u00f3n de streaming.&nbsp;&nbsp;<\/p>\n\n\n\n<p><strong>Fecha:&nbsp;<\/strong>20\/05\/2023<\/p>\n\n\n\n<p><strong>Lugar:<\/strong>&nbsp;&nbsp;Sal\u00f3n de actos Hospital General Universitario Dr. Balmis de Alicante.<\/p>\n\n\n\n<p>El pr\u00f3ximo 20 de mayo&nbsp;<strong>ISABIAL<\/strong>&nbsp;organiza la primera jornada de Ciencia Participativa con la&nbsp;<strong>Asociaci\u00f3n Valenciana de Enfermedad de Huntington (AVAEH).&nbsp;<\/strong><\/p>\n\n\n\n<p>La jornada se dirige a&nbsp;<strong>pacientes<\/strong>&nbsp;y&nbsp;<strong>familiares<\/strong>,&nbsp;<strong>profesionales sanitarios<\/strong>&nbsp;y&nbsp;<strong>personal investigador<\/strong>.&nbsp;<\/p>\n\n\n\n<p>El Instituto de Investigaci\u00f3n Sanitaria y Biom\u00e9dica de Alicante (ISABIAL) se ha marcado el objetivo de mejorar la comunicaci\u00f3n social de la ciencia y cumplir con los objetivos de<strong>&nbsp;RRI (Investigaci\u00f3n e Innovaci\u00f3n Responsable)<\/strong>&nbsp;haciendo a la ciudadan\u00eda part\u00edcipe de ella organizando encuentros peri\u00f3dicos entre la comunidad cient\u00edfica y colectivos de pacientes.<\/p>\n\n\n\n<p><a href=\"mailto:comunicacion@isabial.es\">comunicacion@isabial.es<\/a><\/p>\n\n\n\n<p>965 913 994<\/p>\n\n\n\n<p><a href=\"https:\/\/isabial.es\/evento\/jornada-ciencia-participativa-enfermedad-huntington-isabial-2\/\" target=\"_blank\" rel=\"noreferrer noopener\">LINK A LA INSCRIPCI\u00d3N EN LA WEB OFICIAL DE ISABIAL<\/a><\/p>\n","protected":false},"excerpt":{"rendered":"<p>Promueven:&nbsp;El&nbsp;Instituto de Investigaci\u00f3n Sanitaria y Biom\u00e9dica de Alicante (ISABIAL)&nbsp;con la colaboraci\u00f3n de la&nbsp;Asociaci\u00f3n Valenciana de Enfermedad de Huntington (AVAEH). Dirigido a:&nbsp; &nbsp;&nbsp; Formato:&nbsp;&nbsp;Presencial, con opci\u00f3n de streaming.&nbsp;&nbsp; Fecha:&nbsp;20\/05\/2023 Lugar:&nbsp;&nbsp;Sal\u00f3n de actos Hospital General Universitario Dr. Balmis de Alicante. El pr\u00f3ximo 20 de mayo&nbsp;ISABIAL&nbsp;organiza la primera jornada de Ciencia Participativa con [&hellip;]<\/p>\n","protected":false},"author":1,"featured_media":2092,"comment_status":"open","ping_status":"open","sticky":false,"template":"","format":"standard","meta":{"footnotes":""},"categories":[1],"tags":[7,6,4,9,410,575,5,506,574,58,8,573,576],"class_list":["post-2091","post","type-post","status-publish","format-standard","has-post-thumbnail","hentry","category-sin-categoria","tag-asociacion-valenciana-de-enfermedad-de-huntington","tag-avaeh","tag-enfermedad-de-huntington","tag-enfermedades-raras","tag-gva-inclusio","tag-hopital-general-alacant","tag-huntingtons-disease","tag-isabial","tag-miguel-hernandez-universidad","tag-neurodegenerativa","tag-rare-diseases","tag-universitas","tag-universitat-dalacant"],"_links":{"self":[{"href":"https:\/\/avaeh.org\/web_nueva_2021\/wp-json\/wp\/v2\/posts\/2091","targetHints":{"allow":["GET"]}}],"collection":[{"href":"https:\/\/avaeh.org\/web_nueva_2021\/wp-json\/wp\/v2\/posts"}],"about":[{"href":"https:\/\/avaeh.org\/web_nueva_2021\/wp-json\/wp\/v2\/types\/post"}],"author":[{"embeddable":true,"href":"https:\/\/avaeh.org\/web_nueva_2021\/wp-json\/wp\/v2\/users\/1"}],"replies":[{"embeddable":true,"href":"https:\/\/avaeh.org\/web_nueva_2021\/wp-json\/wp\/v2\/comments?post=2091"}],"version-history":[{"count":1,"href":"https:\/\/avaeh.org\/web_nueva_2021\/wp-json\/wp\/v2\/posts\/2091\/revisions"}],"predecessor-version":[{"id":2093,"href":"https:\/\/avaeh.org\/web_nueva_2021\/wp-json\/wp\/v2\/posts\/2091\/revisions\/2093"}],"wp:featuredmedia":[{"embeddable":true,"href":"https:\/\/avaeh.org\/web_nueva_2021\/wp-json\/wp\/v2\/media\/2092"}],"wp:attachment":[{"href":"https:\/\/avaeh.org\/web_nueva_2021\/wp-json\/wp\/v2\/media?parent=2091"}],"wp:term":[{"taxonomy":"category","embeddable":true,"href":"https:\/\/avaeh.org\/web_nueva_2021\/wp-json\/wp\/v2\/categories?post=2091"},{"taxonomy":"post_tag","embeddable":true,"href":"https:\/\/avaeh.org\/web_nueva_2021\/wp-json\/wp\/v2\/tags?post=2091"}],"curies":[{"name":"wp","href":"https:\/\/api.w.org\/{rel}","templated":true}]}}