{"id":1919,"date":"2023-03-28T07:47:04","date_gmt":"2023-03-28T07:47:04","guid":{"rendered":"https:\/\/avaeh.org\/web_nueva_2021\/?p=1919"},"modified":"2023-03-28T07:47:04","modified_gmt":"2023-03-28T07:47:04","slug":"reunio-avaeh-amb-isabial","status":"publish","type":"post","link":"https:\/\/avaeh.org\/web_nueva_2021\/2023\/03\/28\/reunio-avaeh-amb-isabial\/","title":{"rendered":"Reuni\u00f3 AVAEH amb ISABIAL"},"content":{"rendered":"\n<figure class=\"wp-block-image size-large\"><img loading=\"lazy\" decoding=\"async\" width=\"1024\" height=\"724\" src=\"https:\/\/avaeh.org\/web_nueva_2021\/wp-content\/uploads\/2023\/03\/reunio-isabial-1024x724.jpg\" alt=\"\" class=\"wp-image-1920\" srcset=\"https:\/\/avaeh.org\/web_nueva_2021\/wp-content\/uploads\/2023\/03\/reunio-isabial-1024x724.jpg 1024w, https:\/\/avaeh.org\/web_nueva_2021\/wp-content\/uploads\/2023\/03\/reunio-isabial-300x212.jpg 300w, https:\/\/avaeh.org\/web_nueva_2021\/wp-content\/uploads\/2023\/03\/reunio-isabial-768x543.jpg 768w, https:\/\/avaeh.org\/web_nueva_2021\/wp-content\/uploads\/2023\/03\/reunio-isabial-1536x1086.jpg 1536w, https:\/\/avaeh.org\/web_nueva_2021\/wp-content\/uploads\/2023\/03\/reunio-isabial-2048x1448.jpg 2048w\" sizes=\"auto, (max-width: 1024px) 100vw, 1024px\" \/><\/figure>\n\n\n\n<p>AVAEH i Instituto de Investigaci\u00f3n Sanitaria y Biom\u00e9dica de Alicante (ISABIAL), ens reunim per a comen\u00e7ar una relaci\u00f3 de col\u00b7laboraci\u00f3 i treball conjunt, doncs ens uneixen objectius comuns i aquests tipus de sin\u00e8rgies s\u00f3n imprescindibles per aconseguir-los. <\/p>\n\n\n\n<p><\/p>\n","protected":false},"excerpt":{"rendered":"<p>AVAEH i Instituto de Investigaci\u00f3n Sanitaria y Biom\u00e9dica de Alicante (ISABIAL), ens reunim per a comen\u00e7ar una relaci\u00f3 de col\u00b7laboraci\u00f3 i treball conjunt, doncs ens uneixen objectius comuns i aquests tipus de sin\u00e8rgies s\u00f3n imprescindibles per aconseguir-los.<\/p>\n","protected":false},"author":1,"featured_media":1920,"comment_status":"open","ping_status":"open","sticky":false,"template":"","format":"standard","meta":{"footnotes":""},"categories":[1],"tags":[7,6,4,9,410,5,535,506,58,8],"class_list":["post-1919","post","type-post","status-publish","format-standard","has-post-thumbnail","hentry","category-sin-categoria","tag-asociacion-valenciana-de-enfermedad-de-huntington","tag-avaeh","tag-enfermedad-de-huntington","tag-enfermedades-raras","tag-gva-inclusio","tag-huntingtons-disease","tag-instituto-de-investigacion-sanitaria-y-biomedica-de-alicante","tag-isabial","tag-neurodegenerativa","tag-rare-diseases"],"_links":{"self":[{"href":"https:\/\/avaeh.org\/web_nueva_2021\/wp-json\/wp\/v2\/posts\/1919","targetHints":{"allow":["GET"]}}],"collection":[{"href":"https:\/\/avaeh.org\/web_nueva_2021\/wp-json\/wp\/v2\/posts"}],"about":[{"href":"https:\/\/avaeh.org\/web_nueva_2021\/wp-json\/wp\/v2\/types\/post"}],"author":[{"embeddable":true,"href":"https:\/\/avaeh.org\/web_nueva_2021\/wp-json\/wp\/v2\/users\/1"}],"replies":[{"embeddable":true,"href":"https:\/\/avaeh.org\/web_nueva_2021\/wp-json\/wp\/v2\/comments?post=1919"}],"version-history":[{"count":1,"href":"https:\/\/avaeh.org\/web_nueva_2021\/wp-json\/wp\/v2\/posts\/1919\/revisions"}],"predecessor-version":[{"id":1921,"href":"https:\/\/avaeh.org\/web_nueva_2021\/wp-json\/wp\/v2\/posts\/1919\/revisions\/1921"}],"wp:featuredmedia":[{"embeddable":true,"href":"https:\/\/avaeh.org\/web_nueva_2021\/wp-json\/wp\/v2\/media\/1920"}],"wp:attachment":[{"href":"https:\/\/avaeh.org\/web_nueva_2021\/wp-json\/wp\/v2\/media?parent=1919"}],"wp:term":[{"taxonomy":"category","embeddable":true,"href":"https:\/\/avaeh.org\/web_nueva_2021\/wp-json\/wp\/v2\/categories?post=1919"},{"taxonomy":"post_tag","embeddable":true,"href":"https:\/\/avaeh.org\/web_nueva_2021\/wp-json\/wp\/v2\/tags?post=1919"}],"curies":[{"name":"wp","href":"https:\/\/api.w.org\/{rel}","templated":true}]}}