{"id":1872,"date":"2023-03-06T12:27:13","date_gmt":"2023-03-06T12:27:13","guid":{"rendered":"https:\/\/avaeh.org\/web_nueva_2021\/?p=1872"},"modified":"2023-03-21T12:29:24","modified_gmt":"2023-03-21T12:29:24","slug":"formacio-malalties-minoritaries-amb-catedra-eves","status":"publish","type":"post","link":"https:\/\/avaeh.org\/web_nueva_2021\/2023\/03\/06\/formacio-malalties-minoritaries-amb-catedra-eves\/","title":{"rendered":"Formaci\u00f3 Malalties Minorit\u00e0ries amb C\u00e0tedra EVES"},"content":{"rendered":"\n<p>AVAEH vam participar amb @catedraEVES a l&#8217;activitat sobre Malalties Minorit\u00e0ries.<\/p>\n\n\n\n<p>Gr\u00e0cies per contar amb nosaltres!! \ud83d\udc99\ud83d\udc9c<\/p>\n\n\n\n<p>Ja podeu veure el v\u00eddeo de les intervencions de @ASHECOVA @Aficaval @adelacv i @AsociacionAVAEH<\/p>\n\n\n\n<figure class=\"wp-block-embed is-type-video is-provider-youtube wp-block-embed-youtube wp-embed-aspect-16-9 wp-has-aspect-ratio\"><div class=\"wp-block-embed__wrapper\">\n<iframe loading=\"lazy\" title=\"Actividad &quot;Enfermedades Raras - Comunidades de Pr\u00e1ctica (CoP)&quot;\" width=\"750\" height=\"422\" src=\"https:\/\/www.youtube.com\/embed\/UpUUaCVuXCk?feature=oembed\" frameborder=\"0\" allow=\"accelerometer; autoplay; clipboard-write; encrypted-media; gyroscope; picture-in-picture; web-share\" allowfullscreen><\/iframe>\n<\/div><\/figure>\n","protected":false},"excerpt":{"rendered":"<p>AVAEH vam participar amb @catedraEVES a l&#8217;activitat sobre Malalties Minorit\u00e0ries. Gr\u00e0cies per contar amb nosaltres!! \ud83d\udc99\ud83d\udc9c Ja podeu veure el v\u00eddeo de les intervencions de @ASHECOVA @Aficaval @adelacv i @AsociacionAVAEH<\/p>\n","protected":false},"author":1,"featured_media":1846,"comment_status":"open","ping_status":"open","sticky":false,"template":"","format":"standard","meta":{"footnotes":""},"categories":[1],"tags":[7,6,524,525,4,9,509,372,5,58,8],"class_list":["post-1872","post","type-post","status-publish","format-standard","has-post-thumbnail","hentry","category-sin-categoria","tag-asociacion-valenciana-de-enfermedad-de-huntington","tag-avaeh","tag-catedra-eves","tag-conselleria-de-sanitat-universal-i-salut-publica","tag-enfermedad-de-huntington","tag-enfermedades-raras","tag-eves","tag-gva-sanitat","tag-huntingtons-disease","tag-neurodegenerativa","tag-rare-diseases"],"_links":{"self":[{"href":"https:\/\/avaeh.org\/web_nueva_2021\/wp-json\/wp\/v2\/posts\/1872","targetHints":{"allow":["GET"]}}],"collection":[{"href":"https:\/\/avaeh.org\/web_nueva_2021\/wp-json\/wp\/v2\/posts"}],"about":[{"href":"https:\/\/avaeh.org\/web_nueva_2021\/wp-json\/wp\/v2\/types\/post"}],"author":[{"embeddable":true,"href":"https:\/\/avaeh.org\/web_nueva_2021\/wp-json\/wp\/v2\/users\/1"}],"replies":[{"embeddable":true,"href":"https:\/\/avaeh.org\/web_nueva_2021\/wp-json\/wp\/v2\/comments?post=1872"}],"version-history":[{"count":1,"href":"https:\/\/avaeh.org\/web_nueva_2021\/wp-json\/wp\/v2\/posts\/1872\/revisions"}],"predecessor-version":[{"id":1873,"href":"https:\/\/avaeh.org\/web_nueva_2021\/wp-json\/wp\/v2\/posts\/1872\/revisions\/1873"}],"wp:featuredmedia":[{"embeddable":true,"href":"https:\/\/avaeh.org\/web_nueva_2021\/wp-json\/wp\/v2\/media\/1846"}],"wp:attachment":[{"href":"https:\/\/avaeh.org\/web_nueva_2021\/wp-json\/wp\/v2\/media?parent=1872"}],"wp:term":[{"taxonomy":"category","embeddable":true,"href":"https:\/\/avaeh.org\/web_nueva_2021\/wp-json\/wp\/v2\/categories?post=1872"},{"taxonomy":"post_tag","embeddable":true,"href":"https:\/\/avaeh.org\/web_nueva_2021\/wp-json\/wp\/v2\/tags?post=1872"}],"curies":[{"name":"wp","href":"https:\/\/api.w.org\/{rel}","templated":true}]}}