{"id":1839,"date":"2023-03-06T09:32:04","date_gmt":"2023-03-06T09:32:04","guid":{"rendered":"https:\/\/avaeh.org\/web_nueva_2021\/?p=1839"},"modified":"2023-03-06T09:32:05","modified_gmt":"2023-03-06T09:32:05","slug":"avaeh-asiste-a-la-jornada-por-el-vii-aniversario-de-la-fundacion-quaes","status":"publish","type":"post","link":"https:\/\/avaeh.org\/web_nueva_2021\/2023\/03\/06\/avaeh-asiste-a-la-jornada-por-el-vii-aniversario-de-la-fundacion-quaes\/","title":{"rendered":"AVAEH asiste a la jornada por el VII Aniversario de la Fundaci\u00f3n QUAES"},"content":{"rendered":"\n<p>El pasado viernes, la Fundaci\u00f3n QUAES celebr\u00f3 su VII aniversario y AVAEH pudimos asistir como invitadas al acto. Una jornada en la que, junto con otras asociaciones y profesionales del \u00e1mbito sanitario, hablamos de salud, ciencia investigaci\u00f3n e innovaci\u00f3n. <\/p>\n\n\n\n<p>\u00a1Enhorabuena al equipo organizador, fue muy interesante!<\/p>\n\n\n\n<figure class=\"wp-block-image size-large\"><img loading=\"lazy\" decoding=\"async\" width=\"1024\" height=\"660\" src=\"https:\/\/avaeh.org\/web_nueva_2021\/wp-content\/uploads\/2023\/03\/VII-aniversari-quaes-1024x660.jpg\" alt=\"\" class=\"wp-image-1840\" srcset=\"https:\/\/avaeh.org\/web_nueva_2021\/wp-content\/uploads\/2023\/03\/VII-aniversari-quaes-1024x660.jpg 1024w, https:\/\/avaeh.org\/web_nueva_2021\/wp-content\/uploads\/2023\/03\/VII-aniversari-quaes-300x193.jpg 300w, https:\/\/avaeh.org\/web_nueva_2021\/wp-content\/uploads\/2023\/03\/VII-aniversari-quaes-768x495.jpg 768w, https:\/\/avaeh.org\/web_nueva_2021\/wp-content\/uploads\/2023\/03\/VII-aniversari-quaes-1536x990.jpg 1536w, https:\/\/avaeh.org\/web_nueva_2021\/wp-content\/uploads\/2023\/03\/VII-aniversari-quaes.jpg 2048w\" sizes=\"auto, (max-width: 1024px) 100vw, 1024px\" \/><\/figure>\n","protected":false},"excerpt":{"rendered":"<p>El pasado viernes, la Fundaci\u00f3n QUAES celebr\u00f3 su VII aniversario y AVAEH pudimos asistir como invitadas al acto. Una jornada en la que, junto con otras asociaciones y profesionales del \u00e1mbito sanitario, hablamos de salud, ciencia investigaci\u00f3n e innovaci\u00f3n. \u00a1Enhorabuena al equipo organizador, fue muy interesante!<\/p>\n","protected":false},"author":1,"featured_media":1840,"comment_status":"open","ping_status":"open","sticky":false,"template":"","format":"standard","meta":{"footnotes":""},"categories":[1],"tags":[7,6,4,9,99,5,58],"class_list":["post-1839","post","type-post","status-publish","format-standard","has-post-thumbnail","hentry","category-sin-categoria","tag-asociacion-valenciana-de-enfermedad-de-huntington","tag-avaeh","tag-enfermedad-de-huntington","tag-enfermedades-raras","tag-fundacion-quaes","tag-huntingtons-disease","tag-neurodegenerativa"],"_links":{"self":[{"href":"https:\/\/avaeh.org\/web_nueva_2021\/wp-json\/wp\/v2\/posts\/1839","targetHints":{"allow":["GET"]}}],"collection":[{"href":"https:\/\/avaeh.org\/web_nueva_2021\/wp-json\/wp\/v2\/posts"}],"about":[{"href":"https:\/\/avaeh.org\/web_nueva_2021\/wp-json\/wp\/v2\/types\/post"}],"author":[{"embeddable":true,"href":"https:\/\/avaeh.org\/web_nueva_2021\/wp-json\/wp\/v2\/users\/1"}],"replies":[{"embeddable":true,"href":"https:\/\/avaeh.org\/web_nueva_2021\/wp-json\/wp\/v2\/comments?post=1839"}],"version-history":[{"count":1,"href":"https:\/\/avaeh.org\/web_nueva_2021\/wp-json\/wp\/v2\/posts\/1839\/revisions"}],"predecessor-version":[{"id":1841,"href":"https:\/\/avaeh.org\/web_nueva_2021\/wp-json\/wp\/v2\/posts\/1839\/revisions\/1841"}],"wp:featuredmedia":[{"embeddable":true,"href":"https:\/\/avaeh.org\/web_nueva_2021\/wp-json\/wp\/v2\/media\/1840"}],"wp:attachment":[{"href":"https:\/\/avaeh.org\/web_nueva_2021\/wp-json\/wp\/v2\/media?parent=1839"}],"wp:term":[{"taxonomy":"category","embeddable":true,"href":"https:\/\/avaeh.org\/web_nueva_2021\/wp-json\/wp\/v2\/categories?post=1839"},{"taxonomy":"post_tag","embeddable":true,"href":"https:\/\/avaeh.org\/web_nueva_2021\/wp-json\/wp\/v2\/tags?post=1839"}],"curies":[{"name":"wp","href":"https:\/\/api.w.org\/{rel}","templated":true}]}}