{"id":1771,"date":"2023-02-16T17:11:09","date_gmt":"2023-02-16T17:11:09","guid":{"rendered":"https:\/\/avaeh.org\/web_nueva_2021\/?p=1771"},"modified":"2023-02-16T17:11:10","modified_gmt":"2023-02-16T17:11:10","slug":"campana-enfermedades-rares-28f-%c2%b7-lightupforrare","status":"publish","type":"post","link":"https:\/\/avaeh.org\/web_nueva_2021\/2023\/02\/16\/campana-enfermedades-rares-28f-%c2%b7-lightupforrare\/","title":{"rendered":"Campa\u00f1a Enfermedades Rares 28F \u00b7 #LightUpForRare"},"content":{"rendered":"\n<p>\ud83d\udcf7 \u00danete a la campa\u00f1a de la Asociaci\u00f3n Europea de Huntington&nbsp;<a href=\"https:\/\/www.instagram.com\/explore\/tags\/lightupforrare\/\">#LightUpForRare<\/a>&nbsp;en el D\u00eda de las Enfermedades Raras.<\/p>\n\n\n\n<p>Para participar solo tienes que enviarnos una foto con unas luces o velas de colores (no hace falta que aparezcas en la foto si no te gusta).<\/p>\n\n\n\n<p>\ud83d\udce9 Env\u00eda la foto antes del 27 de febrero a: participate@eurohuntington.org<\/p>\n\n\n\n<figure class=\"wp-block-image size-large\"><img loading=\"lazy\" decoding=\"async\" width=\"1024\" height=\"567\" src=\"https:\/\/avaeh.org\/web_nueva_2021\/wp-content\/uploads\/2023\/02\/campanya-28-febrer-1024x567.png\" alt=\"\" class=\"wp-image-1772\" srcset=\"https:\/\/avaeh.org\/web_nueva_2021\/wp-content\/uploads\/2023\/02\/campanya-28-febrer-1024x567.png 1024w, https:\/\/avaeh.org\/web_nueva_2021\/wp-content\/uploads\/2023\/02\/campanya-28-febrer-300x166.png 300w, https:\/\/avaeh.org\/web_nueva_2021\/wp-content\/uploads\/2023\/02\/campanya-28-febrer-768x425.png 768w, https:\/\/avaeh.org\/web_nueva_2021\/wp-content\/uploads\/2023\/02\/campanya-28-febrer.png 1352w\" sizes=\"auto, (max-width: 1024px) 100vw, 1024px\" \/><\/figure>\n","protected":false},"excerpt":{"rendered":"<p>\ud83d\udcf7 \u00danete a la campa\u00f1a de la Asociaci\u00f3n Europea de Huntington&nbsp;#LightUpForRare&nbsp;en el D\u00eda de las Enfermedades Raras. Para participar solo tienes que enviarnos una foto con unas luces o velas de colores (no hace falta que aparezcas en la foto si no te gusta). \ud83d\udce9 Env\u00eda la foto antes del [&hellip;]<\/p>\n","protected":false},"author":1,"featured_media":1772,"comment_status":"open","ping_status":"open","sticky":false,"template":"","format":"standard","meta":{"footnotes":""},"categories":[1],"tags":[7,6,4,9,350,5,495,147,494,58,8],"class_list":["post-1771","post","type-post","status-publish","format-standard","has-post-thumbnail","hentry","category-sin-categoria","tag-asociacion-valenciana-de-enfermedad-de-huntington","tag-avaeh","tag-enfermedad-de-huntington","tag-enfermedades-raras","tag-european-huntington-association","tag-huntingtons-disease","tag-light-it-up-for-rare","tag-lightitup4hd","tag-lightitupforrare","tag-neurodegenerativa","tag-rare-diseases"],"_links":{"self":[{"href":"https:\/\/avaeh.org\/web_nueva_2021\/wp-json\/wp\/v2\/posts\/1771","targetHints":{"allow":["GET"]}}],"collection":[{"href":"https:\/\/avaeh.org\/web_nueva_2021\/wp-json\/wp\/v2\/posts"}],"about":[{"href":"https:\/\/avaeh.org\/web_nueva_2021\/wp-json\/wp\/v2\/types\/post"}],"author":[{"embeddable":true,"href":"https:\/\/avaeh.org\/web_nueva_2021\/wp-json\/wp\/v2\/users\/1"}],"replies":[{"embeddable":true,"href":"https:\/\/avaeh.org\/web_nueva_2021\/wp-json\/wp\/v2\/comments?post=1771"}],"version-history":[{"count":1,"href":"https:\/\/avaeh.org\/web_nueva_2021\/wp-json\/wp\/v2\/posts\/1771\/revisions"}],"predecessor-version":[{"id":1773,"href":"https:\/\/avaeh.org\/web_nueva_2021\/wp-json\/wp\/v2\/posts\/1771\/revisions\/1773"}],"wp:featuredmedia":[{"embeddable":true,"href":"https:\/\/avaeh.org\/web_nueva_2021\/wp-json\/wp\/v2\/media\/1772"}],"wp:attachment":[{"href":"https:\/\/avaeh.org\/web_nueva_2021\/wp-json\/wp\/v2\/media?parent=1771"}],"wp:term":[{"taxonomy":"category","embeddable":true,"href":"https:\/\/avaeh.org\/web_nueva_2021\/wp-json\/wp\/v2\/categories?post=1771"},{"taxonomy":"post_tag","embeddable":true,"href":"https:\/\/avaeh.org\/web_nueva_2021\/wp-json\/wp\/v2\/tags?post=1771"}],"curies":[{"name":"wp","href":"https:\/\/api.w.org\/{rel}","templated":true}]}}