{"id":1761,"date":"2023-02-14T09:47:26","date_gmt":"2023-02-14T09:47:26","guid":{"rendered":"https:\/\/avaeh.org\/web_nueva_2021\/?p=1761"},"modified":"2023-02-14T09:47:56","modified_gmt":"2023-02-14T09:47:56","slug":"entonacio-i-prosodia-logopedia-avaeh-%c2%b7-14-febrer-2023","status":"publish","type":"post","link":"https:\/\/avaeh.org\/web_nueva_2021\/2023\/02\/14\/entonacio-i-prosodia-logopedia-avaeh-%c2%b7-14-febrer-2023\/","title":{"rendered":"Entonaci\u00f3 i pros\u00f2dia Logopedia AVAEH \u00b7 14 febrer 2023"},"content":{"rendered":"\n<figure class=\"wp-block-image size-large\"><img loading=\"lazy\" decoding=\"async\" width=\"1024\" height=\"724\" src=\"https:\/\/avaeh.org\/web_nueva_2021\/wp-content\/uploads\/2023\/02\/Logopedia-AVAEH-14-febrer-2023-1024x724.jpg\" alt=\"\" class=\"wp-image-1762\" srcset=\"https:\/\/avaeh.org\/web_nueva_2021\/wp-content\/uploads\/2023\/02\/Logopedia-AVAEH-14-febrer-2023-1024x724.jpg 1024w, https:\/\/avaeh.org\/web_nueva_2021\/wp-content\/uploads\/2023\/02\/Logopedia-AVAEH-14-febrer-2023-300x212.jpg 300w, https:\/\/avaeh.org\/web_nueva_2021\/wp-content\/uploads\/2023\/02\/Logopedia-AVAEH-14-febrer-2023-768x543.jpg 768w, https:\/\/avaeh.org\/web_nueva_2021\/wp-content\/uploads\/2023\/02\/Logopedia-AVAEH-14-febrer-2023-1536x1086.jpg 1536w, https:\/\/avaeh.org\/web_nueva_2021\/wp-content\/uploads\/2023\/02\/Logopedia-AVAEH-14-febrer-2023-2048x1448.jpg 2048w\" sizes=\"auto, (max-width: 1024px) 100vw, 1024px\" \/><figcaption class=\"wp-element-caption\">A l&#8217;\u00faltim taller de Logopedia d&#8217;AVAEH vam practicar l&#8217;entonaci\u00f3 i la pros\u00f2dia amb les companyes Lorena i Jessica de NeuroLl\u00e1cer. <\/figcaption><\/figure>\n","protected":false},"excerpt":{"rendered":"","protected":false},"author":1,"featured_media":1762,"comment_status":"open","ping_status":"open","sticky":false,"template":"","format":"standard","meta":{"footnotes":""},"categories":[1],"tags":[7,6,371,4,9,410,5,19,58,474,8],"class_list":["post-1761","post","type-post","status-publish","format-standard","has-post-thumbnail","hentry","category-sin-categoria","tag-asociacion-valenciana-de-enfermedad-de-huntington","tag-avaeh","tag-conselleria-digualtat-i-politiques-inclusives-2","tag-enfermedad-de-huntington","tag-enfermedades-raras","tag-gva-inclusio","tag-huntingtons-disease","tag-logopedia","tag-neurodegenerativa","tag-neurollacer-2","tag-rare-diseases"],"_links":{"self":[{"href":"https:\/\/avaeh.org\/web_nueva_2021\/wp-json\/wp\/v2\/posts\/1761","targetHints":{"allow":["GET"]}}],"collection":[{"href":"https:\/\/avaeh.org\/web_nueva_2021\/wp-json\/wp\/v2\/posts"}],"about":[{"href":"https:\/\/avaeh.org\/web_nueva_2021\/wp-json\/wp\/v2\/types\/post"}],"author":[{"embeddable":true,"href":"https:\/\/avaeh.org\/web_nueva_2021\/wp-json\/wp\/v2\/users\/1"}],"replies":[{"embeddable":true,"href":"https:\/\/avaeh.org\/web_nueva_2021\/wp-json\/wp\/v2\/comments?post=1761"}],"version-history":[{"count":1,"href":"https:\/\/avaeh.org\/web_nueva_2021\/wp-json\/wp\/v2\/posts\/1761\/revisions"}],"predecessor-version":[{"id":1763,"href":"https:\/\/avaeh.org\/web_nueva_2021\/wp-json\/wp\/v2\/posts\/1761\/revisions\/1763"}],"wp:featuredmedia":[{"embeddable":true,"href":"https:\/\/avaeh.org\/web_nueva_2021\/wp-json\/wp\/v2\/media\/1762"}],"wp:attachment":[{"href":"https:\/\/avaeh.org\/web_nueva_2021\/wp-json\/wp\/v2\/media?parent=1761"}],"wp:term":[{"taxonomy":"category","embeddable":true,"href":"https:\/\/avaeh.org\/web_nueva_2021\/wp-json\/wp\/v2\/categories?post=1761"},{"taxonomy":"post_tag","embeddable":true,"href":"https:\/\/avaeh.org\/web_nueva_2021\/wp-json\/wp\/v2\/tags?post=1761"}],"curies":[{"name":"wp","href":"https:\/\/api.w.org\/{rel}","templated":true}]}}