{"id":1691,"date":"2023-01-13T17:33:32","date_gmt":"2023-01-13T17:33:32","guid":{"rendered":"https:\/\/avaeh.org\/web_nueva_2021\/?p=1691"},"modified":"2023-01-13T17:33:50","modified_gmt":"2023-01-13T17:33:50","slug":"manana-de-asociacionismo-en-fundacion-quaes","status":"publish","type":"post","link":"https:\/\/avaeh.org\/web_nueva_2021\/2023\/01\/13\/manana-de-asociacionismo-en-fundacion-quaes\/","title":{"rendered":"Ma\u00f1ana de asociacionismo en Fundaci\u00f3n Quaes"},"content":{"rendered":"\n<p>El mi\u00e9rcoles pasamos una ma\u00f1ana muy agradable junto con otras asociaciones en la delegaci\u00f3n de la Fundaci\u00f3n Quaes de Val\u00e8ncia.<\/p>\n\n\n\n<p>Nos unen muchas cosas y Quaes es uno de esos nexos de uni\u00f3n.<\/p>\n\n\n\n<p>Juntos compartiendo <img loading=\"lazy\" decoding=\"async\" height=\"16\" width=\"16\" alt=\"\ud83d\udc9c\" src=\"https:\/\/static.xx.fbcdn.net\/images\/emoji.php\/v9\/t96\/1\/16\/1f49c.png\"><img loading=\"lazy\" decoding=\"async\" height=\"16\" width=\"16\" alt=\"\ud83d\udcaa\" src=\"https:\/\/static.xx.fbcdn.net\/images\/emoji.php\/v9\/t6c\/1\/16\/1f4aa.png\"><img loading=\"lazy\" decoding=\"async\" height=\"16\" width=\"16\" alt=\"\ud83d\udc99\" src=\"https:\/\/static.xx.fbcdn.net\/images\/emoji.php\/v9\/t6c\/1\/16\/1f499.png\"><\/p>\n\n\n\n<p>(Foto con FQuaes y XFr\u00e1gil Val\u00e8ncia)<\/p>\n\n\n\n<figure class=\"wp-block-image size-large\"><img loading=\"lazy\" decoding=\"async\" width=\"1024\" height=\"768\" src=\"https:\/\/avaeh.org\/web_nueva_2021\/wp-content\/uploads\/2023\/01\/image-1024x768.png\" alt=\"\" class=\"wp-image-1692\" srcset=\"https:\/\/avaeh.org\/web_nueva_2021\/wp-content\/uploads\/2023\/01\/image-1024x768.png 1024w, https:\/\/avaeh.org\/web_nueva_2021\/wp-content\/uploads\/2023\/01\/image-300x225.png 300w, https:\/\/avaeh.org\/web_nueva_2021\/wp-content\/uploads\/2023\/01\/image-768x576.png 768w, https:\/\/avaeh.org\/web_nueva_2021\/wp-content\/uploads\/2023\/01\/image-1536x1152.png 1536w, https:\/\/avaeh.org\/web_nueva_2021\/wp-content\/uploads\/2023\/01\/image.png 1600w\" sizes=\"auto, (max-width: 1024px) 100vw, 1024px\" \/><\/figure>\n","protected":false},"excerpt":{"rendered":"<p>El mi\u00e9rcoles pasamos una ma\u00f1ana muy agradable junto con otras asociaciones en la delegaci\u00f3n de la Fundaci\u00f3n Quaes de Val\u00e8ncia. Nos unen muchas cosas y Quaes es uno de esos nexos de uni\u00f3n. Juntos compartiendo (Foto con FQuaes y XFr\u00e1gil Val\u00e8ncia)<\/p>\n","protected":false},"author":1,"featured_media":1692,"comment_status":"open","ping_status":"open","sticky":false,"template":"","format":"standard","meta":{"footnotes":""},"categories":[1],"tags":[7,6,4,9,469,99,5,58,100,8,472,470,471],"class_list":["post-1691","post","type-post","status-publish","format-standard","has-post-thumbnail","hentry","category-sin-categoria","tag-asociacion-valenciana-de-enfermedad-de-huntington","tag-avaeh","tag-enfermedad-de-huntington","tag-enfermedades-raras","tag-fquaes","tag-fundacion-quaes","tag-huntingtons-disease","tag-neurodegenerativa","tag-quaes","tag-rare-diseases","tag-x-fragil","tag-xfragil","tag-xfragil-valencia"],"_links":{"self":[{"href":"https:\/\/avaeh.org\/web_nueva_2021\/wp-json\/wp\/v2\/posts\/1691","targetHints":{"allow":["GET"]}}],"collection":[{"href":"https:\/\/avaeh.org\/web_nueva_2021\/wp-json\/wp\/v2\/posts"}],"about":[{"href":"https:\/\/avaeh.org\/web_nueva_2021\/wp-json\/wp\/v2\/types\/post"}],"author":[{"embeddable":true,"href":"https:\/\/avaeh.org\/web_nueva_2021\/wp-json\/wp\/v2\/users\/1"}],"replies":[{"embeddable":true,"href":"https:\/\/avaeh.org\/web_nueva_2021\/wp-json\/wp\/v2\/comments?post=1691"}],"version-history":[{"count":1,"href":"https:\/\/avaeh.org\/web_nueva_2021\/wp-json\/wp\/v2\/posts\/1691\/revisions"}],"predecessor-version":[{"id":1693,"href":"https:\/\/avaeh.org\/web_nueva_2021\/wp-json\/wp\/v2\/posts\/1691\/revisions\/1693"}],"wp:featuredmedia":[{"embeddable":true,"href":"https:\/\/avaeh.org\/web_nueva_2021\/wp-json\/wp\/v2\/media\/1692"}],"wp:attachment":[{"href":"https:\/\/avaeh.org\/web_nueva_2021\/wp-json\/wp\/v2\/media?parent=1691"}],"wp:term":[{"taxonomy":"category","embeddable":true,"href":"https:\/\/avaeh.org\/web_nueva_2021\/wp-json\/wp\/v2\/categories?post=1691"},{"taxonomy":"post_tag","embeddable":true,"href":"https:\/\/avaeh.org\/web_nueva_2021\/wp-json\/wp\/v2\/tags?post=1691"}],"curies":[{"name":"wp","href":"https:\/\/api.w.org\/{rel}","templated":true}]}}