{"id":1675,"date":"2023-01-04T13:02:23","date_gmt":"2023-01-04T13:02:23","guid":{"rendered":"https:\/\/avaeh.org\/web_nueva_2021\/?p=1675"},"modified":"2023-01-04T13:03:37","modified_gmt":"2023-01-04T13:03:37","slug":"prestacions-economiques-individuals-p-e-i-per-a-les-persones-amb-diversitat-funcional-per-a-lexercici-2023-sol%c2%b7licitud-dajudes-per-a-latencio-especialitzada-residencial","status":"publish","type":"post","link":"https:\/\/avaeh.org\/web_nueva_2021\/2023\/01\/04\/prestacions-economiques-individuals-p-e-i-per-a-les-persones-amb-diversitat-funcional-per-a-lexercici-2023-sol%c2%b7licitud-dajudes-per-a-latencio-especialitzada-residencial\/","title":{"rendered":"<strong>Prestacions Econ\u00f2miques Individuals (P.E.I.) per a les persones amb diversitat funcional per a l&#8217;exercici 2023. Sol\u00b7licitud d&#8217;ajudes per a l&#8217;atenci\u00f3 especialitzada residencial<\/strong>"},"content":{"rendered":"\n<p>Les ajudes personals per a l&#8217;atenci\u00f3 especialitzada residencial a persones amb diversitat funcional es concedeixen amb car\u00e0cter de subvenci\u00f3 personal i finalista, per a atendre les necessitats d&#8217;atenci\u00f3 integral de les persones amb discapacitat o amb malaltia mental cr\u00f2nica que no tenen suficients recursos econ\u00f2mics i requereixen atenci\u00f3 assistencial i cures especials, que no es poden prestar en el medi familiar. L&#8217;atenci\u00f3 residencial podr\u00e0 dur-se a terme en resid\u00e8ncies i habitatges tutelats. L&#8217;atenci\u00f3 residencial podr\u00e0 dur-se a terme en resid\u00e8ncies i habitatges tutelats.<\/p>\n\n\n\n<p><strong>Requeriments<\/strong><\/p>\n\n\n\n<p>Els beneficiaris d&#8217;ajudes per a l&#8217;atenci\u00f3 especialitzada residencial de persones amb diversitat funcional hauran de reunir amb anterioritat a la finalitzaci\u00f3 del termini de la presentaci\u00f3 de les sol\u00b7licituds els seg\u00fcents requisits:<br><br>a) Ser major de 16 anys i menor de 65 anys.<br><br>b) Tindre acreditada la necessitat de cures especials, per estar afectat per una discapacitat que dificulte la seua inclusi\u00f3 social, mancar de domicili o tindre una situaci\u00f3 familiar greu que impedisca l&#8217;atenci\u00f3 de l&#8217;individu que, per les seues caracter\u00edstiques personals, no puga desenvolupar-se en el mitj\u00e0 familiar.<br><br>c) Mancar de recursos econ\u00f2mics individuals i familiars suficients, que li impedisca fer front al preu d&#8217;un servei d&#8217;atenci\u00f3 residencial especialitzada.<\/p>\n\n\n\n<p><a href=\"https:\/\/www.gva.es\/va\/inicio\/procedimientos?id_proc=1778#p_3\" target=\"_blank\" rel=\"noreferrer noopener\">LINK AL TR\u00c0MIT<\/a><\/p>\n\n\n\n<figure class=\"wp-block-image size-large\"><img loading=\"lazy\" decoding=\"async\" width=\"1024\" height=\"724\" src=\"https:\/\/avaeh.org\/web_nueva_2021\/wp-content\/uploads\/2023\/01\/ajudes-pei-gva-2023-1024x724.jpg\" alt=\"\" class=\"wp-image-1676\" srcset=\"https:\/\/avaeh.org\/web_nueva_2021\/wp-content\/uploads\/2023\/01\/ajudes-pei-gva-2023-1024x724.jpg 1024w, https:\/\/avaeh.org\/web_nueva_2021\/wp-content\/uploads\/2023\/01\/ajudes-pei-gva-2023-300x212.jpg 300w, https:\/\/avaeh.org\/web_nueva_2021\/wp-content\/uploads\/2023\/01\/ajudes-pei-gva-2023-768x543.jpg 768w, https:\/\/avaeh.org\/web_nueva_2021\/wp-content\/uploads\/2023\/01\/ajudes-pei-gva-2023-1536x1086.jpg 1536w, https:\/\/avaeh.org\/web_nueva_2021\/wp-content\/uploads\/2023\/01\/ajudes-pei-gva-2023-2048x1448.jpg 2048w\" sizes=\"auto, (max-width: 1024px) 100vw, 1024px\" \/><\/figure>\n","protected":false},"excerpt":{"rendered":"<p>Les ajudes personals per a l&#8217;atenci\u00f3 especialitzada residencial a persones amb diversitat funcional es concedeixen amb car\u00e0cter de subvenci\u00f3 personal i finalista, per a atendre les necessitats d&#8217;atenci\u00f3 integral de les persones amb discapacitat o amb malaltia mental cr\u00f2nica que no tenen suficients recursos econ\u00f2mics i requereixen atenci\u00f3 assistencial i [&hellip;]<\/p>\n","protected":false},"author":1,"featured_media":1676,"comment_status":"open","ping_status":"open","sticky":false,"template":"","format":"standard","meta":{"footnotes":""},"categories":[1],"tags":[463,7,6,464,4,9,410,5,58,80,8],"class_list":["post-1675","post","type-post","status-publish","format-standard","has-post-thumbnail","hentry","category-sin-categoria","tag-ajudes-pei","tag-asociacion-valenciana-de-enfermedad-de-huntington","tag-avaeh","tag-dependencia-gva","tag-enfermedad-de-huntington","tag-enfermedades-raras","tag-gva-inclusio","tag-huntingtons-disease","tag-neurodegenerativa","tag-pei-gva","tag-rare-diseases"],"_links":{"self":[{"href":"https:\/\/avaeh.org\/web_nueva_2021\/wp-json\/wp\/v2\/posts\/1675","targetHints":{"allow":["GET"]}}],"collection":[{"href":"https:\/\/avaeh.org\/web_nueva_2021\/wp-json\/wp\/v2\/posts"}],"about":[{"href":"https:\/\/avaeh.org\/web_nueva_2021\/wp-json\/wp\/v2\/types\/post"}],"author":[{"embeddable":true,"href":"https:\/\/avaeh.org\/web_nueva_2021\/wp-json\/wp\/v2\/users\/1"}],"replies":[{"embeddable":true,"href":"https:\/\/avaeh.org\/web_nueva_2021\/wp-json\/wp\/v2\/comments?post=1675"}],"version-history":[{"count":1,"href":"https:\/\/avaeh.org\/web_nueva_2021\/wp-json\/wp\/v2\/posts\/1675\/revisions"}],"predecessor-version":[{"id":1677,"href":"https:\/\/avaeh.org\/web_nueva_2021\/wp-json\/wp\/v2\/posts\/1675\/revisions\/1677"}],"wp:featuredmedia":[{"embeddable":true,"href":"https:\/\/avaeh.org\/web_nueva_2021\/wp-json\/wp\/v2\/media\/1676"}],"wp:attachment":[{"href":"https:\/\/avaeh.org\/web_nueva_2021\/wp-json\/wp\/v2\/media?parent=1675"}],"wp:term":[{"taxonomy":"category","embeddable":true,"href":"https:\/\/avaeh.org\/web_nueva_2021\/wp-json\/wp\/v2\/categories?post=1675"},{"taxonomy":"post_tag","embeddable":true,"href":"https:\/\/avaeh.org\/web_nueva_2021\/wp-json\/wp\/v2\/tags?post=1675"}],"curies":[{"name":"wp","href":"https:\/\/api.w.org\/{rel}","templated":true}]}}