{"id":1669,"date":"2023-01-04T12:45:02","date_gmt":"2023-01-04T12:45:02","guid":{"rendered":"https:\/\/avaeh.org\/web_nueva_2021\/?p=1669"},"modified":"2023-01-04T12:56:30","modified_gmt":"2023-01-04T12:56:30","slug":"ajudes-personals-de-promocio-de-lautonomia-personal-per-a-persones-amb-diversitat-funcional-per-a-lexercici-2023-gva","status":"publish","type":"post","link":"https:\/\/avaeh.org\/web_nueva_2021\/2023\/01\/04\/ajudes-personals-de-promocio-de-lautonomia-personal-per-a-persones-amb-diversitat-funcional-per-a-lexercici-2023-gva\/","title":{"rendered":"Ajudes personals de promoci\u00f3 de l&#8217;autonomia personal per a persones amb diversitat funcional per a l&#8217;exercici 2023 GVA"},"content":{"rendered":"\n<p>Es consideren com a ajudes personals de promoci\u00f3 de l&#8217;autonomia personal:<br>a) Adquisici\u00f3 d&#8217;ajudes t\u00e8cniques i productes de suport.<br>b) Ajuda destinades a l&#8217;eliminaci\u00f3 de barreres arquitect\u00f2niques a l&#8217;interior de l&#8217;habitatge i l&#8217;adaptaci\u00f3 funcional de la llar.<br>c) Ajuda per a l&#8217;adaptaci\u00f3 de vehicles.<br>d) Ajudes de transport per a l&#8217;assist\u00e8ncia a tractaments i centres assistencials.<br>Seran objecte de subvenci\u00f3 \u00fanicament les adquisicions o actuacions realitzades dins de l&#8217;any natural corresponent a la present convocat\u00f2ria.<\/p>\n\n\n\n<p>Requisits de car\u00e0cter general:<br>1. Tindre reconeguda la condici\u00f3 legal de persona amb discapacitat o diversitat funcional<br>2. Tindre la seua resid\u00e8ncia legal en un domicili situat en un municipi de la Comunitat Valenciana.<br>3. Ser menor de 65 anys.<br>4. Tindre una renda individual o per c\u00e0pita familiar inferior al triple de l&#8217;Indicador P\u00fablic de Renda d&#8217;Efectes M\u00faltiples (IPREM) per a l&#8217;exercici anterior al de la convocat\u00f2ria.<br>5. Que existisquen defici\u00e8ncies de car\u00e0cter motor o sensorial en el sol\u00b7licitant que suposen una p\u00e8rdua d&#8217;autonomia, li impedisquen o dificulten la seua mobilitat o comunicaci\u00f3 a trav\u00e9s de mitjans normals.<br>En el cas d&#8217;ajudes de transport, a m\u00e9s, cal:<br>a) Tindre reconeguda la condici\u00f3 de persona amb discapacitat amb mobilitat redu\u00efda.<br>b) No estar compr\u00e9s en el camp d&#8217;aplicaci\u00f3 del sistema de la Seguretat Social per no desenvolupar activitat laboral.<br>c) No tindre reconegut el subsidi de mobilitat i compensaci\u00f3 per despeses de transport.<br>d) Igualment, haur\u00e0 d&#8217;acreditar-se aquesta necessitat en el cas de persones usu\u00e0ries de centres d&#8217;acci\u00f3 social inclosos en la xarxa p\u00fablica de serveis socials el transport dels quals no siga finan\u00e7at pels propis centres.<\/p>\n\n\n\n<p><a href=\"https:\/\/www.gva.es\/va\/inicio\/procedimientos?id_proc=369#p_3\" target=\"_blank\" rel=\"noreferrer noopener\">LINK AL TR\u00c0MIT ABANS DEL 31 DE GENER<\/a><\/p>\n\n\n\n<figure class=\"wp-block-image size-large\"><img loading=\"lazy\" decoding=\"async\" width=\"1024\" height=\"724\" src=\"https:\/\/avaeh.org\/web_nueva_2021\/wp-content\/uploads\/2023\/01\/autonomia-personal-gva-2023-1024x724.jpg\" alt=\"\" class=\"wp-image-1671\" srcset=\"https:\/\/avaeh.org\/web_nueva_2021\/wp-content\/uploads\/2023\/01\/autonomia-personal-gva-2023-1024x724.jpg 1024w, https:\/\/avaeh.org\/web_nueva_2021\/wp-content\/uploads\/2023\/01\/autonomia-personal-gva-2023-300x212.jpg 300w, https:\/\/avaeh.org\/web_nueva_2021\/wp-content\/uploads\/2023\/01\/autonomia-personal-gva-2023-768x543.jpg 768w, https:\/\/avaeh.org\/web_nueva_2021\/wp-content\/uploads\/2023\/01\/autonomia-personal-gva-2023-1536x1086.jpg 1536w, https:\/\/avaeh.org\/web_nueva_2021\/wp-content\/uploads\/2023\/01\/autonomia-personal-gva-2023-2048x1448.jpg 2048w\" sizes=\"auto, (max-width: 1024px) 100vw, 1024px\" \/><\/figure>\n","protected":false},"excerpt":{"rendered":"<p>Es consideren com a ajudes personals de promoci\u00f3 de l&#8217;autonomia personal:a) Adquisici\u00f3 d&#8217;ajudes t\u00e8cniques i productes de suport.b) Ajuda destinades a l&#8217;eliminaci\u00f3 de barreres arquitect\u00f2niques a l&#8217;interior de l&#8217;habitatge i l&#8217;adaptaci\u00f3 funcional de la llar.c) Ajuda per a l&#8217;adaptaci\u00f3 de vehicles.d) Ajudes de transport per a l&#8217;assist\u00e8ncia a tractaments i [&hellip;]<\/p>\n","protected":false},"author":1,"featured_media":1671,"comment_status":"open","ping_status":"open","sticky":false,"template":"","format":"standard","meta":{"footnotes":""},"categories":[1],"tags":[462,7,6,411,4,9,81,410,5,58,8],"class_list":["post-1669","post","type-post","status-publish","format-standard","has-post-thumbnail","hentry","category-sin-categoria","tag-ajudes-a-la-autonomia-personals","tag-asociacion-valenciana-de-enfermedad-de-huntington","tag-avaeh","tag-cipi","tag-enfermedad-de-huntington","tag-enfermedades-raras","tag-gva","tag-gva-inclusio","tag-huntingtons-disease","tag-neurodegenerativa","tag-rare-diseases"],"_links":{"self":[{"href":"https:\/\/avaeh.org\/web_nueva_2021\/wp-json\/wp\/v2\/posts\/1669","targetHints":{"allow":["GET"]}}],"collection":[{"href":"https:\/\/avaeh.org\/web_nueva_2021\/wp-json\/wp\/v2\/posts"}],"about":[{"href":"https:\/\/avaeh.org\/web_nueva_2021\/wp-json\/wp\/v2\/types\/post"}],"author":[{"embeddable":true,"href":"https:\/\/avaeh.org\/web_nueva_2021\/wp-json\/wp\/v2\/users\/1"}],"replies":[{"embeddable":true,"href":"https:\/\/avaeh.org\/web_nueva_2021\/wp-json\/wp\/v2\/comments?post=1669"}],"version-history":[{"count":3,"href":"https:\/\/avaeh.org\/web_nueva_2021\/wp-json\/wp\/v2\/posts\/1669\/revisions"}],"predecessor-version":[{"id":1674,"href":"https:\/\/avaeh.org\/web_nueva_2021\/wp-json\/wp\/v2\/posts\/1669\/revisions\/1674"}],"wp:featuredmedia":[{"embeddable":true,"href":"https:\/\/avaeh.org\/web_nueva_2021\/wp-json\/wp\/v2\/media\/1671"}],"wp:attachment":[{"href":"https:\/\/avaeh.org\/web_nueva_2021\/wp-json\/wp\/v2\/media?parent=1669"}],"wp:term":[{"taxonomy":"category","embeddable":true,"href":"https:\/\/avaeh.org\/web_nueva_2021\/wp-json\/wp\/v2\/categories?post=1669"},{"taxonomy":"post_tag","embeddable":true,"href":"https:\/\/avaeh.org\/web_nueva_2021\/wp-json\/wp\/v2\/tags?post=1669"}],"curies":[{"name":"wp","href":"https:\/\/api.w.org\/{rel}","templated":true}]}}