{"id":1588,"date":"2022-12-05T11:10:25","date_gmt":"2022-12-05T11:10:25","guid":{"rendered":"https:\/\/avaeh.org\/web_nueva_2021\/?p=1588"},"modified":"2022-12-05T11:16:14","modified_gmt":"2022-12-05T11:16:14","slug":"logopedia-avaeh-video-masajes-relajacion-musculatura-facial","status":"publish","type":"post","link":"https:\/\/avaeh.org\/web_nueva_2021\/2022\/12\/05\/logopedia-avaeh-video-masajes-relajacion-musculatura-facial\/","title":{"rendered":"LOGOPEDIA AVAEH: v\u00eddeo masajes relajaci\u00f3n musculatura facial"},"content":{"rendered":"\n<p>Nuestras compa\u00f1eras de NeuroLl\u00e1cer, Jessica y Lorena, nos comparten este v\u00eddeo para poder darnos masajes de relajaci\u00f3n de la musculatura facial desde nuestras casas. <\/p>\n\n\n\n<p>LINK AL V\u00cdDEO<\/p>\n\n\n\n<p><a href=\"https:\/\/youtu.be\/tWGiBJsnXn4\">https:\/\/youtu.be\/tWGiBJsnXn4<\/a><\/p>\n\n\n\n<figure class=\"wp-block-image size-full\"><img loading=\"lazy\" decoding=\"async\" width=\"681\" height=\"333\" src=\"https:\/\/avaeh.org\/web_nueva_2021\/wp-content\/uploads\/2022\/12\/image-2.png\" alt=\"\" class=\"wp-image-1590\" srcset=\"https:\/\/avaeh.org\/web_nueva_2021\/wp-content\/uploads\/2022\/12\/image-2.png 681w, https:\/\/avaeh.org\/web_nueva_2021\/wp-content\/uploads\/2022\/12\/image-2-300x147.png 300w\" sizes=\"auto, (max-width: 681px) 100vw, 681px\" \/><\/figure>\n","protected":false},"excerpt":{"rendered":"<p>Nuestras compa\u00f1eras de NeuroLl\u00e1cer, Jessica y Lorena, nos comparten este v\u00eddeo para poder darnos masajes de relajaci\u00f3n de la musculatura facial desde nuestras casas. LINK AL V\u00cdDEO https:\/\/youtu.be\/tWGiBJsnXn4<\/p>\n","protected":false},"author":1,"featured_media":1590,"comment_status":"open","ping_status":"open","sticky":false,"template":"","format":"standard","meta":{"footnotes":""},"categories":[1],"tags":[7,6,4,9,5,19,400,441,58,404,8],"class_list":["post-1588","post","type-post","status-publish","format-standard","has-post-thumbnail","hentry","category-sin-categoria","tag-asociacion-valenciana-de-enfermedad-de-huntington","tag-avaeh","tag-enfermedad-de-huntington","tag-enfermedades-raras","tag-huntingtons-disease","tag-logopedia","tag-logopedia-huntington","tag-musculatura-facial","tag-neurodegenerativa","tag-neurollacer","tag-rare-diseases"],"_links":{"self":[{"href":"https:\/\/avaeh.org\/web_nueva_2021\/wp-json\/wp\/v2\/posts\/1588","targetHints":{"allow":["GET"]}}],"collection":[{"href":"https:\/\/avaeh.org\/web_nueva_2021\/wp-json\/wp\/v2\/posts"}],"about":[{"href":"https:\/\/avaeh.org\/web_nueva_2021\/wp-json\/wp\/v2\/types\/post"}],"author":[{"embeddable":true,"href":"https:\/\/avaeh.org\/web_nueva_2021\/wp-json\/wp\/v2\/users\/1"}],"replies":[{"embeddable":true,"href":"https:\/\/avaeh.org\/web_nueva_2021\/wp-json\/wp\/v2\/comments?post=1588"}],"version-history":[{"count":2,"href":"https:\/\/avaeh.org\/web_nueva_2021\/wp-json\/wp\/v2\/posts\/1588\/revisions"}],"predecessor-version":[{"id":1591,"href":"https:\/\/avaeh.org\/web_nueva_2021\/wp-json\/wp\/v2\/posts\/1588\/revisions\/1591"}],"wp:featuredmedia":[{"embeddable":true,"href":"https:\/\/avaeh.org\/web_nueva_2021\/wp-json\/wp\/v2\/media\/1590"}],"wp:attachment":[{"href":"https:\/\/avaeh.org\/web_nueva_2021\/wp-json\/wp\/v2\/media?parent=1588"}],"wp:term":[{"taxonomy":"category","embeddable":true,"href":"https:\/\/avaeh.org\/web_nueva_2021\/wp-json\/wp\/v2\/categories?post=1588"},{"taxonomy":"post_tag","embeddable":true,"href":"https:\/\/avaeh.org\/web_nueva_2021\/wp-json\/wp\/v2\/tags?post=1588"}],"curies":[{"name":"wp","href":"https:\/\/api.w.org\/{rel}","templated":true}]}}