{"id":1391,"date":"2022-10-11T07:57:11","date_gmt":"2022-10-11T07:57:11","guid":{"rendered":"https:\/\/avaeh.org\/web_nueva_2021\/?p=1391"},"modified":"2022-10-11T07:57:12","modified_gmt":"2022-10-11T07:57:12","slug":"avaeh-a-la-jornada-sanament-de-catarroja","status":"publish","type":"post","link":"https:\/\/avaeh.org\/web_nueva_2021\/2022\/10\/11\/avaeh-a-la-jornada-sanament-de-catarroja\/","title":{"rendered":"AVAEH a la Jornada SanaMent de Catarroja"},"content":{"rendered":"\n<p>El passat divendres 7 d&#8217;octubre AVAEH va participar a la Jornada SanaMent que des de Serveis Socials de Catarroja van organitzar com a motiu del 10 d&#8217;octubre, Dia Mundial de la Salut Mental. <\/p>\n\n\n\n<p>Vam poder escoltar diferents testimonis d&#8217;associacions en primera persona, de professionals de l&#8217;administraci\u00f3 i intervencions de les persones del p\u00fablic. <\/p>\n\n\n\n<p>Vam aconseguir que les persones assistents coneguen qu\u00e8 \u00e9s la Malaltia de Huntington i com la Salut Mental \u00e9s transversal a tots els \u00e0mbits de les nostres vides. <\/p>\n\n\n\n<figure class=\"wp-block-image size-large\"><img loading=\"lazy\" decoding=\"async\" width=\"1024\" height=\"768\" src=\"https:\/\/avaeh.org\/web_nueva_2021\/wp-content\/uploads\/2022\/10\/WhatsApp-Image-2022-10-10-at-08.58.05-1024x768.jpeg\" alt=\"\" class=\"wp-image-1394\" srcset=\"https:\/\/avaeh.org\/web_nueva_2021\/wp-content\/uploads\/2022\/10\/WhatsApp-Image-2022-10-10-at-08.58.05-1024x768.jpeg 1024w, https:\/\/avaeh.org\/web_nueva_2021\/wp-content\/uploads\/2022\/10\/WhatsApp-Image-2022-10-10-at-08.58.05-300x225.jpeg 300w, https:\/\/avaeh.org\/web_nueva_2021\/wp-content\/uploads\/2022\/10\/WhatsApp-Image-2022-10-10-at-08.58.05-768x576.jpeg 768w, https:\/\/avaeh.org\/web_nueva_2021\/wp-content\/uploads\/2022\/10\/WhatsApp-Image-2022-10-10-at-08.58.05-1536x1152.jpeg 1536w, https:\/\/avaeh.org\/web_nueva_2021\/wp-content\/uploads\/2022\/10\/WhatsApp-Image-2022-10-10-at-08.58.05.jpeg 2048w\" sizes=\"auto, (max-width: 1024px) 100vw, 1024px\" \/><\/figure>\n\n\n\n<figure class=\"wp-block-image size-large\"><img loading=\"lazy\" decoding=\"async\" width=\"768\" height=\"1024\" src=\"https:\/\/avaeh.org\/web_nueva_2021\/wp-content\/uploads\/2022\/10\/WhatsApp-Image-2022-10-10-at-08.58.32-768x1024.jpeg\" alt=\"\" class=\"wp-image-1393\" srcset=\"https:\/\/avaeh.org\/web_nueva_2021\/wp-content\/uploads\/2022\/10\/WhatsApp-Image-2022-10-10-at-08.58.32-768x1024.jpeg 768w, https:\/\/avaeh.org\/web_nueva_2021\/wp-content\/uploads\/2022\/10\/WhatsApp-Image-2022-10-10-at-08.58.32-225x300.jpeg 225w, https:\/\/avaeh.org\/web_nueva_2021\/wp-content\/uploads\/2022\/10\/WhatsApp-Image-2022-10-10-at-08.58.32-1152x1536.jpeg 1152w, https:\/\/avaeh.org\/web_nueva_2021\/wp-content\/uploads\/2022\/10\/WhatsApp-Image-2022-10-10-at-08.58.32.jpeg 1536w\" sizes=\"auto, (max-width: 768px) 100vw, 768px\" \/><\/figure>\n\n\n\n<figure class=\"wp-block-image size-large\"><img loading=\"lazy\" decoding=\"async\" width=\"1024\" height=\"768\" src=\"https:\/\/avaeh.org\/web_nueva_2021\/wp-content\/uploads\/2022\/10\/WhatsApp-Image-2022-10-10-at-09.29.50.jpeg\" alt=\"\" class=\"wp-image-1392\" srcset=\"https:\/\/avaeh.org\/web_nueva_2021\/wp-content\/uploads\/2022\/10\/WhatsApp-Image-2022-10-10-at-09.29.50.jpeg 1024w, https:\/\/avaeh.org\/web_nueva_2021\/wp-content\/uploads\/2022\/10\/WhatsApp-Image-2022-10-10-at-09.29.50-300x225.jpeg 300w, https:\/\/avaeh.org\/web_nueva_2021\/wp-content\/uploads\/2022\/10\/WhatsApp-Image-2022-10-10-at-09.29.50-768x576.jpeg 768w\" sizes=\"auto, (max-width: 1024px) 100vw, 1024px\" \/><\/figure>\n","protected":false},"excerpt":{"rendered":"<p>El passat divendres 7 d&#8217;octubre AVAEH va participar a la Jornada SanaMent que des de Serveis Socials de Catarroja van organitzar com a motiu del 10 d&#8217;octubre, Dia Mundial de la Salut Mental. Vam poder escoltar diferents testimonis d&#8217;associacions en primera persona, de professionals de l&#8217;administraci\u00f3 i intervencions de les [&hellip;]<\/p>\n","protected":false},"author":1,"featured_media":1394,"comment_status":"open","ping_status":"open","sticky":false,"template":"","format":"standard","meta":{"footnotes":""},"categories":[1],"tags":[380,193,7,6,205,381,4,9,5,58,8,379,376,375],"class_list":["post-1391","post","type-post","status-publish","format-standard","has-post-thumbnail","hentry","category-sin-categoria","tag-10-octubre","tag-ajuntament-catarroja","tag-asociacion-valenciana-de-enfermedad-de-huntington","tag-avaeh","tag-catarroja","tag-dia-mundial-de-la-salud-mental","tag-enfermedad-de-huntington","tag-enfermedades-raras","tag-huntingtons-disease","tag-neurodegenerativa","tag-rare-diseases","tag-salud-mendal","tag-salut-mental","tag-sanament"],"_links":{"self":[{"href":"https:\/\/avaeh.org\/web_nueva_2021\/wp-json\/wp\/v2\/posts\/1391","targetHints":{"allow":["GET"]}}],"collection":[{"href":"https:\/\/avaeh.org\/web_nueva_2021\/wp-json\/wp\/v2\/posts"}],"about":[{"href":"https:\/\/avaeh.org\/web_nueva_2021\/wp-json\/wp\/v2\/types\/post"}],"author":[{"embeddable":true,"href":"https:\/\/avaeh.org\/web_nueva_2021\/wp-json\/wp\/v2\/users\/1"}],"replies":[{"embeddable":true,"href":"https:\/\/avaeh.org\/web_nueva_2021\/wp-json\/wp\/v2\/comments?post=1391"}],"version-history":[{"count":1,"href":"https:\/\/avaeh.org\/web_nueva_2021\/wp-json\/wp\/v2\/posts\/1391\/revisions"}],"predecessor-version":[{"id":1395,"href":"https:\/\/avaeh.org\/web_nueva_2021\/wp-json\/wp\/v2\/posts\/1391\/revisions\/1395"}],"wp:featuredmedia":[{"embeddable":true,"href":"https:\/\/avaeh.org\/web_nueva_2021\/wp-json\/wp\/v2\/media\/1394"}],"wp:attachment":[{"href":"https:\/\/avaeh.org\/web_nueva_2021\/wp-json\/wp\/v2\/media?parent=1391"}],"wp:term":[{"taxonomy":"category","embeddable":true,"href":"https:\/\/avaeh.org\/web_nueva_2021\/wp-json\/wp\/v2\/categories?post=1391"},{"taxonomy":"post_tag","embeddable":true,"href":"https:\/\/avaeh.org\/web_nueva_2021\/wp-json\/wp\/v2\/tags?post=1391"}],"curies":[{"name":"wp","href":"https:\/\/api.w.org\/{rel}","templated":true}]}}