{"id":1237,"date":"2022-07-08T09:28:00","date_gmt":"2022-07-08T09:28:00","guid":{"rendered":"https:\/\/avaeh.org\/web_nueva_2021\/?p=1237"},"modified":"2022-07-13T09:38:37","modified_gmt":"2022-07-13T09:38:37","slug":"estudio-metformina-en-la-enfermedad-de-huntington-%c2%b7-javier-mateo-%c2%b7-avaeh","status":"publish","type":"post","link":"https:\/\/avaeh.org\/web_nueva_2021\/2022\/07\/08\/estudio-metformina-en-la-enfermedad-de-huntington-%c2%b7-javier-mateo-%c2%b7-avaeh\/","title":{"rendered":"Estudio Metformina en la Enfermedad de Huntington \u00b7 Javier Mateo \u00b7 AVAEH"},"content":{"rendered":"\n<p>V\u00cdDEO JORNADA ENSAYOS CL\u00cdNICOS EN LA ENFERMEDAD DE HUNTINGTON \u00b7 20 MAYO AVAEH 2022<\/p>\n\n\n\n<p>Compartimos el v\u00eddeo de la intervenci\u00f3n de Javier Mateo, quien nos habl\u00f3 del Estudio de la Metformina en la Enfermedad de Huntington.<\/p>\n\n\n\n<p><a href=\"https:\/\/www.youtube.com\/watch?v=v04a-PIsX5Q&amp;t=6s\" target=\"_blank\" rel=\"noreferrer noopener\">LINK AL V\u00cdDEO<\/a><\/p>\n\n\n\n<figure class=\"wp-block-image size-large\"><img loading=\"lazy\" decoding=\"async\" width=\"1024\" height=\"724\" src=\"https:\/\/avaeh.org\/web_nueva_2021\/wp-content\/uploads\/2022\/07\/cartell-video-javier-1024x724.jpg\" alt=\"\" class=\"wp-image-1238\" srcset=\"https:\/\/avaeh.org\/web_nueva_2021\/wp-content\/uploads\/2022\/07\/cartell-video-javier-1024x724.jpg 1024w, https:\/\/avaeh.org\/web_nueva_2021\/wp-content\/uploads\/2022\/07\/cartell-video-javier-300x212.jpg 300w, https:\/\/avaeh.org\/web_nueva_2021\/wp-content\/uploads\/2022\/07\/cartell-video-javier-768x543.jpg 768w, https:\/\/avaeh.org\/web_nueva_2021\/wp-content\/uploads\/2022\/07\/cartell-video-javier-1536x1086.jpg 1536w, https:\/\/avaeh.org\/web_nueva_2021\/wp-content\/uploads\/2022\/07\/cartell-video-javier-2048x1448.jpg 2048w\" sizes=\"auto, (max-width: 1024px) 100vw, 1024px\" \/><\/figure>\n","protected":false},"excerpt":{"rendered":"<p>V\u00cdDEO JORNADA ENSAYOS CL\u00cdNICOS EN LA ENFERMEDAD DE HUNTINGTON \u00b7 20 MAYO AVAEH 2022 Compartimos el v\u00eddeo de la intervenci\u00f3n de Javier Mateo, quien nos habl\u00f3 del Estudio de la Metformina en la Enfermedad de Huntington. LINK AL V\u00cdDEO<\/p>\n","protected":false},"author":1,"featured_media":1238,"comment_status":"open","ping_status":"open","sticky":false,"template":"","format":"standard","meta":{"footnotes":""},"categories":[1],"tags":[7,6,4,9,132,331,5,67,330,68,58,8],"class_list":["post-1237","post","type-post","status-publish","format-standard","has-post-thumbnail","hentry","category-sin-categoria","tag-asociacion-valenciana-de-enfermedad-de-huntington","tag-avaeh","tag-enfermedad-de-huntington","tag-enfermedades-raras","tag-ensayo-clinico","tag-ensayo-clinico-huntington","tag-huntingtons-disease","tag-iis-la-fe","tag-javier-mateo","tag-metformina","tag-neurodegenerativa","tag-rare-diseases"],"_links":{"self":[{"href":"https:\/\/avaeh.org\/web_nueva_2021\/wp-json\/wp\/v2\/posts\/1237","targetHints":{"allow":["GET"]}}],"collection":[{"href":"https:\/\/avaeh.org\/web_nueva_2021\/wp-json\/wp\/v2\/posts"}],"about":[{"href":"https:\/\/avaeh.org\/web_nueva_2021\/wp-json\/wp\/v2\/types\/post"}],"author":[{"embeddable":true,"href":"https:\/\/avaeh.org\/web_nueva_2021\/wp-json\/wp\/v2\/users\/1"}],"replies":[{"embeddable":true,"href":"https:\/\/avaeh.org\/web_nueva_2021\/wp-json\/wp\/v2\/comments?post=1237"}],"version-history":[{"count":1,"href":"https:\/\/avaeh.org\/web_nueva_2021\/wp-json\/wp\/v2\/posts\/1237\/revisions"}],"predecessor-version":[{"id":1239,"href":"https:\/\/avaeh.org\/web_nueva_2021\/wp-json\/wp\/v2\/posts\/1237\/revisions\/1239"}],"wp:featuredmedia":[{"embeddable":true,"href":"https:\/\/avaeh.org\/web_nueva_2021\/wp-json\/wp\/v2\/media\/1238"}],"wp:attachment":[{"href":"https:\/\/avaeh.org\/web_nueva_2021\/wp-json\/wp\/v2\/media?parent=1237"}],"wp:term":[{"taxonomy":"category","embeddable":true,"href":"https:\/\/avaeh.org\/web_nueva_2021\/wp-json\/wp\/v2\/categories?post=1237"},{"taxonomy":"post_tag","embeddable":true,"href":"https:\/\/avaeh.org\/web_nueva_2021\/wp-json\/wp\/v2\/tags?post=1237"}],"curies":[{"name":"wp","href":"https:\/\/api.w.org\/{rel}","templated":true}]}}