{"id":1080,"date":"2022-05-31T16:46:50","date_gmt":"2022-05-31T16:46:50","guid":{"rendered":"https:\/\/avaeh.org\/web_nueva_2021\/?p=1080"},"modified":"2022-05-31T16:47:11","modified_gmt":"2022-05-31T16:47:11","slug":"pren-la-paraula-%c2%b7-des-de-xativa","status":"publish","type":"post","link":"https:\/\/avaeh.org\/web_nueva_2021\/2022\/05\/31\/pren-la-paraula-%c2%b7-des-de-xativa\/","title":{"rendered":"Pren la Paraula \u00b7 Des de X\u00e0tiva"},"content":{"rendered":"\n<p>Des de X\u00e0tiva, a la campanya <a href=\"https:\/\/www.facebook.com\/hashtag\/prenlaparaulamh?__eep__=6&amp;__cft__[0]=AZUPj8KzR3xI2F_SDyX-BtrwwKMv2YKoOlOYHnu4vUwEtd4XVP-mJDY0k_Owfn7_AJRbWsvUbs4aSW5SMBNVKc2I8Tm-PwBfi7zoPYBCOAFKDUSOLpa2U57dYQebnXsC7QEgBZ1K4J8mmXyftxH_I2y1NX8dGvlBlOeSx5tCwBGDvw\">#PrenLaParaulaMH<\/a> reivindiquen m\u00e9s atenci\u00f3 i ajudes a les fam\u00edlies i entorn.<\/p>\n\n\n\n<p>Cal m\u00e9s atenci\u00f3 a la salut mental, terapia psicol\u00f2gica i acompanyament emocional per a que la comunitat <a href=\"https:\/\/www.facebook.com\/hashtag\/huntington2022?__eep__=6&amp;__cft__[0]=AZUPj8KzR3xI2F_SDyX-BtrwwKMv2YKoOlOYHnu4vUwEtd4XVP-mJDY0k_Owfn7_AJRbWsvUbs4aSW5SMBNVKc2I8Tm-PwBfi7zoPYBCOAFKDUSOLpa2U57dYQebnXsC7QEgBZ1K4J8mmXyftxH_I2y1NX8dGvlBlOeSx5tCwBGDvw\">#Huntington2022<\/a> puga aprendre a fer front als canvis i incerteses dels inicis i posterior desenvolupament d&#8217;aquesta malaltia.<\/p>\n\n\n\n<p><a href=\"https:\/\/www.facebook.com\/hashtag\/tomalapalabraeh?__eep__=6&amp;__cft__[0]=AZUPj8KzR3xI2F_SDyX-BtrwwKMv2YKoOlOYHnu4vUwEtd4XVP-mJDY0k_Owfn7_AJRbWsvUbs4aSW5SMBNVKc2I8Tm-PwBfi7zoPYBCOAFKDUSOLpa2U57dYQebnXsC7QEgBZ1K4J8mmXyftxH_I2y1NX8dGvlBlOeSx5tCwBGDvw\">#TomaLaPalabraEH<\/a><\/p>\n\n\n\n<figure class=\"wp-block-image size-large\"><img loading=\"lazy\" decoding=\"async\" width=\"576\" height=\"1024\" src=\"https:\/\/avaeh.org\/web_nueva_2021\/wp-content\/uploads\/2022\/05\/WhatsApp-Image-2022-05-30-at-12.56.52-PM-576x1024.jpeg\" alt=\"\" class=\"wp-image-1081\" srcset=\"https:\/\/avaeh.org\/web_nueva_2021\/wp-content\/uploads\/2022\/05\/WhatsApp-Image-2022-05-30-at-12.56.52-PM-576x1024.jpeg 576w, https:\/\/avaeh.org\/web_nueva_2021\/wp-content\/uploads\/2022\/05\/WhatsApp-Image-2022-05-30-at-12.56.52-PM-169x300.jpeg 169w, https:\/\/avaeh.org\/web_nueva_2021\/wp-content\/uploads\/2022\/05\/WhatsApp-Image-2022-05-30-at-12.56.52-PM-768x1366.jpeg 768w, https:\/\/avaeh.org\/web_nueva_2021\/wp-content\/uploads\/2022\/05\/WhatsApp-Image-2022-05-30-at-12.56.52-PM-864x1536.jpeg 864w, https:\/\/avaeh.org\/web_nueva_2021\/wp-content\/uploads\/2022\/05\/WhatsApp-Image-2022-05-30-at-12.56.52-PM.jpeg 899w\" sizes=\"auto, (max-width: 576px) 100vw, 576px\" \/><\/figure>\n","protected":false},"excerpt":{"rendered":"<p>Des de X\u00e0tiva, a la campanya #PrenLaParaulaMH reivindiquen m\u00e9s atenci\u00f3 i ajudes a les fam\u00edlies i entorn. Cal m\u00e9s atenci\u00f3 a la salut mental, terapia psicol\u00f2gica i acompanyament emocional per a que la comunitat #Huntington2022 puga aprendre a fer front als canvis i incerteses dels inicis i posterior desenvolupament d&#8217;aquesta [&hellip;]<\/p>\n","protected":false},"author":1,"featured_media":1081,"comment_status":"open","ping_status":"open","sticky":false,"template":"","format":"standard","meta":{"footnotes":""},"categories":[1],"tags":[7,6,4,9,5,58,235,255,8,249,256,202],"class_list":["post-1080","post","type-post","status-publish","format-standard","has-post-thumbnail","hentry","category-sin-categoria","tag-asociacion-valenciana-de-enfermedad-de-huntington","tag-avaeh","tag-enfermedad-de-huntington","tag-enfermedades-raras","tag-huntingtons-disease","tag-neurodegenerativa","tag-pren-la-paraula","tag-prenlaparaulaeh","tag-rare-diseases","tag-toma-la-palabra","tag-tomalapalabraeh","tag-xativa"],"_links":{"self":[{"href":"https:\/\/avaeh.org\/web_nueva_2021\/wp-json\/wp\/v2\/posts\/1080","targetHints":{"allow":["GET"]}}],"collection":[{"href":"https:\/\/avaeh.org\/web_nueva_2021\/wp-json\/wp\/v2\/posts"}],"about":[{"href":"https:\/\/avaeh.org\/web_nueva_2021\/wp-json\/wp\/v2\/types\/post"}],"author":[{"embeddable":true,"href":"https:\/\/avaeh.org\/web_nueva_2021\/wp-json\/wp\/v2\/users\/1"}],"replies":[{"embeddable":true,"href":"https:\/\/avaeh.org\/web_nueva_2021\/wp-json\/wp\/v2\/comments?post=1080"}],"version-history":[{"count":1,"href":"https:\/\/avaeh.org\/web_nueva_2021\/wp-json\/wp\/v2\/posts\/1080\/revisions"}],"predecessor-version":[{"id":1082,"href":"https:\/\/avaeh.org\/web_nueva_2021\/wp-json\/wp\/v2\/posts\/1080\/revisions\/1082"}],"wp:featuredmedia":[{"embeddable":true,"href":"https:\/\/avaeh.org\/web_nueva_2021\/wp-json\/wp\/v2\/media\/1081"}],"wp:attachment":[{"href":"https:\/\/avaeh.org\/web_nueva_2021\/wp-json\/wp\/v2\/media?parent=1080"}],"wp:term":[{"taxonomy":"category","embeddable":true,"href":"https:\/\/avaeh.org\/web_nueva_2021\/wp-json\/wp\/v2\/categories?post=1080"},{"taxonomy":"post_tag","embeddable":true,"href":"https:\/\/avaeh.org\/web_nueva_2021\/wp-json\/wp\/v2\/tags?post=1080"}],"curies":[{"name":"wp","href":"https:\/\/api.w.org\/{rel}","templated":true}]}}